{"id":17934,"date":"2018-06-15T00:00:00","date_gmt":"2018-06-15T00:00:00","guid":{"rendered":"https:\/\/flood-protection.org\/vedeti-protectia-impotriva-inundatiilor-de-ultima-generatie-la-turul-nostru-demonstrativ-din-franta\/"},"modified":"2025-09-10T11:34:21","modified_gmt":"2025-09-10T11:34:21","slug":"vedeti-protectia-impotriva-inundatiilor-de-ultima-generatie-la-turul-nostru-demonstrativ-din-franta","status":"publish","type":"post","link":"https:\/\/nofloods.com\/ro\/vedeti-protectia-impotriva-inundatiilor-de-ultima-generatie-la-turul-nostru-demonstrativ-din-franta\/","title":{"rendered":"Vede\u021bi protec\u021bia \u00eempotriva inunda\u021biilor de ultim\u0103 genera\u021bie la turul nostru demonstrativ din Fran\u021ba"},"content":{"rendered":"\n<p>Sezonul nostru de var\u0103 2018 a \u00eenceput cu diverse activit\u0103\u021bi noi, inclusiv demonstra\u021bii de produse \u00een mai multe \u021b\u0103ri europene.<\/p>\n\n<p>Aceste demonstra\u021bii au avut ca scop prezentarea eficacit\u0103\u021bii sistemelor noastre de protec\u021bie \u00eempotriva inunda\u021biilor agen\u021biilor publice \u0219i factorilor de decizie care se confrunt\u0103 cu amenin\u021b\u0103ri cresc\u00e2nde din cauza vremii severe \u0219i a cre\u0219terii nivelului apei.<\/p>\n\n<h3 class=\"wp-block-heading\"><b>Un \u00eenceput puternic \u00een nordul Fran\u021bei<\/b><\/h3>\n\n<p>Prima noastr\u0103 oprire a fost \u00een municipalitatea Thourotte din nordul Fran\u021bei, unde am organizat o demonstra\u021bie pe 11 iunie 2018. <\/p>\n\n<p>Aceast\u0103 zon\u0103 a \u00eent\u00e2mpinat provoc\u0103ri serioase din cauza inunda\u021biilor de la <i>Canal lat\u00e9ral \u00e0 l\u2019Oise<\/i>, o cale navigabil\u0103 care traverseaz\u0103 ora\u0219ul \u0219i cauzeaz\u0103 adesea daune semnificative \u00een timpul evenimentelor de inunda\u021bii.<\/p>\n\n<p>Ca r\u0103spuns la aceste probleme recurente, Departamentul de Pompieri \u0219i Servicii de Salvare ne-a invitat s\u0103 demonstr\u0103m <a href=\"https:\/\/nofloods.com\/flood-barriers\/\">NoFloods Barriers<\/a> \u0219i s\u0103 explor\u0103m cum ar putea fi utilizate pentru a \u00eembun\u0103t\u0103\u021bi eforturile locale de protec\u021bie \u00eempotriva inunda\u021biilor.<\/p>\n\n<h3 class=\"wp-block-heading\"><b>R\u0103spuns pozitiv din partea p\u0103r\u021bilor interesate locale<\/b><\/h3>\n\n<p>La demonstra\u021bie au participat reprezentan\u021bi ai Serviciului de Pompieri \u0219i Salvare, ai municipalit\u0103\u021bii locale \u0219i ai unei firme majore de management al riscurilor. <\/p>\n\n<p>Am fost \u00eenc\u00e2nta\u021bi s\u0103 primim feedback extrem de pozitiv din partea tuturor p\u0103r\u021bilor care au fost impresionate de viteza, simplitatea \u0219i fiabilitatea sistemului de bariere NoFloods.<\/p>\n\n<p>Imaginile de mai jos prezint\u0103 cum s-a desf\u0103\u0219urat evenimentul.<\/p>\n\n<figure class=\"wp-block-gallery has-nested-images columns-default is-cropped wp-block-gallery-2 is-layout-flex wp-block-gallery-is-layout-flex\">\n<figure class=\"wp-block-image size-large\"><img fetchpriority=\"high\" decoding=\"async\" width=\"1024\" height=\"609\" data-id=\"12205\" src=\"https:\/\/nofloods.com\/wp-content\/uploads\/2018\/06\/NoFloods-France-Tour-1024x609.jpg\" alt=\"\" class=\"wp-image-12205\" srcset=\"https:\/\/nofloods.com\/wp-content\/uploads\/2018\/06\/NoFloods-France-Tour-1024x609.jpg 1024w, https:\/\/nofloods.com\/wp-content\/uploads\/2018\/06\/NoFloods-France-Tour-300x178.jpg 300w, https:\/\/nofloods.com\/wp-content\/uploads\/2018\/06\/NoFloods-France-Tour-768x457.jpg 768w, https:\/\/nofloods.com\/wp-content\/uploads\/2018\/06\/NoFloods-France-Tour.jpg 1194w\" sizes=\"(max-width: 1024px) 100vw, 1024px\" \/><\/figure>\n\n\n\n<figure class=\"wp-block-image size-large\"><img decoding=\"async\" width=\"1024\" height=\"633\" data-id=\"12204\" src=\"https:\/\/nofloods.com\/wp-content\/uploads\/2018\/06\/NoFloods-France-Tour-2-1-1024x633.jpg\" alt=\"\" class=\"wp-image-12204\" srcset=\"https:\/\/nofloods.com\/wp-content\/uploads\/2018\/06\/NoFloods-France-Tour-2-1-1024x633.jpg 1024w, https:\/\/nofloods.com\/wp-content\/uploads\/2018\/06\/NoFloods-France-Tour-2-1-300x186.jpg 300w, https:\/\/nofloods.com\/wp-content\/uploads\/2018\/06\/NoFloods-France-Tour-2-1-768x475.jpg 768w, https:\/\/nofloods.com\/wp-content\/uploads\/2018\/06\/NoFloods-France-Tour-2-1.jpg 1200w\" sizes=\"(max-width: 1024px) 100vw, 1024px\" \/><\/figure>\n<\/figure>\n\n<h3 class=\"wp-block-heading\"><b>Parteneriatul nostru \u00een Fran\u021ba<\/b><\/h3>\n\n<p>De peste un deceniu, Environment Solutions a fost m\u00e2ndru s\u0103 sprijine La S\u00e9curit\u00e9 Civile, agen\u021bia francez\u0103 de protec\u021bie civil\u0103, cu sisteme avansate de protec\u021bie \u00eempotriva inunda\u021biilor. <\/p>\n\n<p>Pe baza test\u0103rilor extinse \u0219i a experien\u021bei de desf\u0103\u0219urare, La S\u00e9curit\u00e9 Civile a ales NoFloods Barrier ca solu\u021bie principal\u0103 pentru gestionarea inunda\u021biilor \u00een \u00eentreaga Fran\u021b\u0103.<\/p>\n\n<p>Sistemele noastre au fost desf\u0103\u0219urate cu succes \u00een ora\u0219e precum Redon \u0219i Pontivy, unde ajut\u0103 la reducerea impactului evenimentelor de inunda\u021bii \u0219i la protejarea vie\u021bilor \u0219i propriet\u0103\u021bilor.<\/p>\n\n<p>Mai jos sunt fotografii ale NoFloods Barriers desf\u0103\u0219urate de S\u00e9curit\u00e9 Civile \u00een ora\u0219ele Redon \u0219i Pontivy.<\/p>\n\n<figure class=\"wp-block-gallery has-nested-images columns-2 is-cropped wp-block-gallery-3 is-layout-flex wp-block-gallery-is-layout-flex\">\n<figure class=\"wp-block-image size-large\"><img decoding=\"async\" width=\"1024\" height=\"768\" data-id=\"12208\" src=\"https:\/\/nofloods.com\/wp-content\/uploads\/2018\/06\/redon10-2014.jpg\" alt=\"\" class=\"wp-image-12208\" srcset=\"https:\/\/nofloods.com\/wp-content\/uploads\/2018\/06\/redon10-2014.jpg 1024w, https:\/\/nofloods.com\/wp-content\/uploads\/2018\/06\/redon10-2014-300x225.jpg 300w, https:\/\/nofloods.com\/wp-content\/uploads\/2018\/06\/redon10-2014-768x576.jpg 768w\" sizes=\"(max-width: 1024px) 100vw, 1024px\" \/><\/figure>\n\n\n\n<figure class=\"wp-block-image size-large\"><img loading=\"lazy\" decoding=\"async\" width=\"1024\" height=\"577\" data-id=\"12207\" src=\"https:\/\/nofloods.com\/wp-content\/uploads\/2018\/06\/NoFloods-deployed-in-Pontivy-1-1024x577.jpg\" alt=\"\" class=\"wp-image-12207\" srcset=\"https:\/\/nofloods.com\/wp-content\/uploads\/2018\/06\/NoFloods-deployed-in-Pontivy-1-1024x577.jpg 1024w, https:\/\/nofloods.com\/wp-content\/uploads\/2018\/06\/NoFloods-deployed-in-Pontivy-1-300x169.jpg 300w, https:\/\/nofloods.com\/wp-content\/uploads\/2018\/06\/NoFloods-deployed-in-Pontivy-1-768x433.jpg 768w, https:\/\/nofloods.com\/wp-content\/uploads\/2018\/06\/NoFloods-deployed-in-Pontivy-1.jpg 1200w\" sizes=\"(max-width: 1024px) 100vw, 1024px\" \/><\/figure>\n\n\n\n<figure class=\"wp-block-image size-large\"><img loading=\"lazy\" decoding=\"async\" width=\"1024\" height=\"576\" data-id=\"12206\" src=\"https:\/\/nofloods.com\/wp-content\/uploads\/2018\/06\/NoFloods-in-Pontivy-2-1024x576.jpg\" alt=\"\" class=\"wp-image-12206\" srcset=\"https:\/\/nofloods.com\/wp-content\/uploads\/2018\/06\/NoFloods-in-Pontivy-2-1024x576.jpg 1024w, https:\/\/nofloods.com\/wp-content\/uploads\/2018\/06\/NoFloods-in-Pontivy-2-300x169.jpg 300w, https:\/\/nofloods.com\/wp-content\/uploads\/2018\/06\/NoFloods-in-Pontivy-2-768x432.jpg 768w, https:\/\/nofloods.com\/wp-content\/uploads\/2018\/06\/NoFloods-in-Pontivy-2.jpg 1200w\" sizes=\"(max-width: 1024px) 100vw, 1024px\" \/><\/figure>\n<\/figure>\n\n<h3 class=\"wp-block-heading\"><b>Recunoscut la cel mai \u00eenalt nivel<\/b><\/h3>\n\n<p>Inunda\u021biile au devenit o preocupare na\u021bional\u0103 \u00een Fran\u021ba, determin\u00e2nd ac\u021biuni \u0219i aten\u021bie din partea oficialilor guvernamentali de rang \u00eenalt. <\/p>\n\n<p>\u00cen cadrul uneia dintre demonstra\u021biile noastre notabile, ministrul francez de interne a asistat la ac\u021biunea sistemului NoFloods \u00een timpul unui exerci\u021biu din 2016 desf\u0103\u0219urat pentru Radio France la Paris. <\/p>\n\n<p>Prezen\u021ba ministrului (purt\u00e2nd o jachet\u0103 maro \u00een imaginea de mai jos) a subliniat importan\u021ba solu\u021biilor avansate \u00eempotriva inunda\u021biilor \u0219i recunoa\u0219terea tot mai mare a barierelor NoFloods ca parte esen\u021bial\u0103 a strategiei de ap\u0103rare \u00eempotriva inunda\u021biilor a \u021b\u0103rii.<\/p>\n\n<h3 class=\"wp-block-heading\"><b>S\u0103 discut\u0103m despre protec\u021bia \u00eempotriva inunda\u021biilor<\/b><\/h3>\n\n<p>La Environment Solutions, ne angaj\u0103m s\u0103 ajut\u0103m comunit\u0103\u021bile, guvernele \u0219i afacerile s\u0103 construiasc\u0103 ap\u0103r\u0103ri \u00eempotriva inunda\u021biilor mai inteligente, mai rapide \u0219i mai rentabile. <\/p>\n\n<p>Dac\u0103 v\u0103 confrunta\u021bi cu riscuri de inunda\u021bii \u0219i ave\u021bi nevoie de o solu\u021bie dovedit\u0103 \u0219i de \u00eencredere, suntem preg\u0103ti\u021bi s\u0103 v\u0103 ajut\u0103m.<\/p>\n\n<figure class=\"wp-block-gallery has-nested-images columns-default is-cropped wp-block-gallery-4 is-layout-flex wp-block-gallery-is-layout-flex\">\n<figure class=\"wp-block-image size-large\"><img loading=\"lazy\" decoding=\"async\" width=\"900\" height=\"991\" data-id=\"12209\" src=\"https:\/\/nofloods.com\/wp-content\/uploads\/2018\/06\/French-Interior-Minister-during-Radio-France-Demo.jpg\" alt=\"\" class=\"wp-image-12209\" srcset=\"https:\/\/nofloods.com\/wp-content\/uploads\/2018\/06\/French-Interior-Minister-during-Radio-France-Demo.jpg 900w, https:\/\/nofloods.com\/wp-content\/uploads\/2018\/06\/French-Interior-Minister-during-Radio-France-Demo-272x300.jpg 272w, https:\/\/nofloods.com\/wp-content\/uploads\/2018\/06\/French-Interior-Minister-during-Radio-France-Demo-768x846.jpg 768w\" sizes=\"(max-width: 900px) 100vw, 900px\" \/><\/figure>\n\n\n\n<figure class=\"wp-block-image size-large\"><img loading=\"lazy\" decoding=\"async\" width=\"869\" height=\"1024\" data-id=\"12210\" src=\"https:\/\/nofloods.com\/wp-content\/uploads\/2018\/06\/NoFloods-Radio-France-Demo-869x1024.jpg\" alt=\"\" class=\"wp-image-12210\" srcset=\"https:\/\/nofloods.com\/wp-content\/uploads\/2018\/06\/NoFloods-Radio-France-Demo-869x1024.jpg 869w, https:\/\/nofloods.com\/wp-content\/uploads\/2018\/06\/NoFloods-Radio-France-Demo-255x300.jpg 255w, https:\/\/nofloods.com\/wp-content\/uploads\/2018\/06\/NoFloods-Radio-France-Demo-768x905.jpg 768w, https:\/\/nofloods.com\/wp-content\/uploads\/2018\/06\/NoFloods-Radio-France-Demo.jpg 900w\" sizes=\"(max-width: 869px) 100vw, 869px\" \/><\/figure>\n<\/figure>\n","protected":false},"excerpt":{"rendered":"<p>Sezonul nostru de var\u0103 2018 a \u00eenceput cu diverse activit\u0103\u021bi noi, inclusiv demonstra\u021bii de produse \u00een mai multe \u021b\u0103ri europene. [&hellip;]<\/p>\n","protected":false},"author":1,"featured_media":17936,"comment_status":"open","ping_status":"open","sticky":false,"template":"","format":"standard","meta":{"_acf_changed":false,"site-sidebar-layout":"default","site-content-layout":"","ast-site-content-layout":"default","site-content-style":"default","site-sidebar-style":"default","ast-global-header-display":"","ast-banner-title-visibility":"","ast-main-header-display":"","ast-hfb-above-header-display":"","ast-hfb-below-header-display":"","ast-hfb-mobile-header-display":"","site-post-title":"","ast-breadcrumbs-content":"","ast-featured-img":"","footer-sml-layout":"","ast-disable-related-posts":"","theme-transparent-header-meta":"","adv-header-id-meta":"","stick-header-meta":"","header-above-stick-meta":"","header-main-stick-meta":"","header-below-stick-meta":"","astra-migrate-meta-layouts":"default","ast-page-background-enabled":"default","ast-page-background-meta":{"desktop":{"background-color":"","background-image":"","background-repeat":"repeat","background-position":"center center","background-size":"auto","background-attachment":"scroll","background-type":"","background-media":"","overlay-type":"","overlay-color":"","overlay-opacity":"","overlay-gradient":""},"tablet":{"background-color":"","background-image":"","background-repeat":"repeat","background-position":"center center","background-size":"auto","background-attachment":"scroll","background-type":"","background-media":"","overlay-type":"","overlay-color":"","overlay-opacity":"","overlay-gradient":""},"mobile":{"background-color":"","background-image":"","background-repeat":"repeat","background-position":"center center","background-size":"auto","background-attachment":"scroll","background-type":"","background-media":"","overlay-type":"","overlay-color":"","overlay-opacity":"","overlay-gradient":""}},"ast-content-background-meta":{"desktop":{"background-color":"var(--ast-global-color-5)","background-image":"","background-repeat":"repeat","background-position":"center center","background-size":"auto","background-attachment":"scroll","background-type":"","background-media":"","overlay-type":"","overlay-color":"","overlay-opacity":"","overlay-gradient":""},"tablet":{"background-color":"var(--ast-global-color-5)","background-image":"","background-repeat":"repeat","background-position":"center center","background-size":"auto","background-attachment":"scroll","background-type":"","background-media":"","overlay-type":"","overlay-color":"","overlay-opacity":"","overlay-gradient":""},"mobile":{"background-color":"var(--ast-global-color-5)","background-image":"","background-repeat":"repeat","background-position":"center center","background-size":"auto","background-attachment":"scroll","background-type":"","background-media":"","overlay-type":"","overlay-color":"","overlay-opacity":"","overlay-gradient":""}},"footnotes":""},"categories":[1476],"tags":[1842,1843],"class_list":["post-17934","post","type-post","status-publish","format-standard","has-post-thumbnail","hentry","category-demonstratii","tag-demonstratie","tag-franta"],"acf":[],"yoast_head":"<!-- This site is optimized with the Yoast SEO plugin v27.2 - https:\/\/yoast.com\/product\/yoast-seo-wordpress\/ -->\n<title>Vede\u021bi protec\u021bia \u00eempotriva inunda\u021biilor de ultim\u0103 genera\u021bie la turul nostru demonstrativ din Fran\u021ba - NoFloods<\/title>\n<meta name=\"robots\" content=\"index, follow, max-snippet:-1, max-image-preview:large, max-video-preview:-1\" \/>\n<link rel=\"canonical\" href=\"https:\/\/nofloods.com\/ro\/vedeti-protectia-impotriva-inundatiilor-de-ultima-generatie-la-turul-nostru-demonstrativ-din-franta\/\" \/>\n<meta property=\"og:locale\" content=\"ro_RO\" \/>\n<meta property=\"og:type\" content=\"article\" \/>\n<meta property=\"og:title\" content=\"Vede\u021bi protec\u021bia \u00eempotriva inunda\u021biilor de ultim\u0103 genera\u021bie la turul nostru demonstrativ din Fran\u021ba - NoFloods\" \/>\n<meta property=\"og:description\" content=\"Sezonul nostru de var\u0103 2018 a \u00eenceput cu diverse activit\u0103\u021bi noi, inclusiv demonstra\u021bii de produse \u00een mai multe \u021b\u0103ri europene. [&hellip;]\" \/>\n<meta property=\"og:url\" content=\"https:\/\/nofloods.com\/ro\/vedeti-protectia-impotriva-inundatiilor-de-ultima-generatie-la-turul-nostru-demonstrativ-din-franta\/\" \/>\n<meta property=\"og:site_name\" content=\"NoFloods\" \/>\n<meta property=\"article:publisher\" content=\"https:\/\/www.facebook.com\/environmentsolutions\/\" \/>\n<meta property=\"article:published_time\" content=\"2018-06-15T00:00:00+00:00\" \/>\n<meta property=\"article:modified_time\" content=\"2025-09-10T11:34:21+00:00\" \/>\n<meta property=\"og:image\" content=\"https:\/\/nofloods.com\/wp-content\/uploads\/2025\/08\/NoFloods-France-Tour-2.jpg\" \/>\n\t<meta property=\"og:image:width\" content=\"1200\" \/>\n\t<meta property=\"og:image:height\" content=\"742\" \/>\n\t<meta property=\"og:image:type\" content=\"image\/jpeg\" \/>\n<meta name=\"author\" content=\"nofloods_admin\" \/>\n<meta name=\"twitter:card\" content=\"summary_large_image\" \/>\n<meta name=\"twitter:creator\" content=\"@NoFloodsBarrier\" \/>\n<meta name=\"twitter:site\" content=\"@NoFloodsBarrier\" \/>\n<meta name=\"twitter:label1\" content=\"Scris de\" \/>\n\t<meta name=\"twitter:data1\" content=\"nofloods_admin\" \/>\n\t<meta name=\"twitter:label2\" content=\"Timp estimat pentru citire\" \/>\n\t<meta name=\"twitter:data2\" content=\"3 minute\" \/>\n<script type=\"application\/ld+json\" class=\"yoast-schema-graph\">{\"@context\":\"https:\/\/schema.org\",\"@graph\":[{\"@type\":\"Article\",\"@id\":\"https:\/\/nofloods.com\/ro\/vedeti-protectia-impotriva-inundatiilor-de-ultima-generatie-la-turul-nostru-demonstrativ-din-franta\/#article\",\"isPartOf\":{\"@id\":\"https:\/\/nofloods.com\/ro\/vedeti-protectia-impotriva-inundatiilor-de-ultima-generatie-la-turul-nostru-demonstrativ-din-franta\/\"},\"author\":{\"name\":\"nofloods_admin\",\"@id\":\"https:\/\/nofloods.com\/ro\/#\/schema\/person\/85a2e4c29aa7ed754652ba9ec793011b\"},\"headline\":\"Vede\u021bi protec\u021bia \u00eempotriva inunda\u021biilor de ultim\u0103 genera\u021bie la turul nostru demonstrativ din Fran\u021ba\",\"datePublished\":\"2018-06-15T00:00:00+00:00\",\"dateModified\":\"2025-09-10T11:34:21+00:00\",\"mainEntityOfPage\":{\"@id\":\"https:\/\/nofloods.com\/ro\/vedeti-protectia-impotriva-inundatiilor-de-ultima-generatie-la-turul-nostru-demonstrativ-din-franta\/\"},\"wordCount\":560,\"commentCount\":0,\"publisher\":{\"@id\":\"https:\/\/nofloods.com\/ro\/#organization\"},\"image\":{\"@id\":\"https:\/\/nofloods.com\/ro\/vedeti-protectia-impotriva-inundatiilor-de-ultima-generatie-la-turul-nostru-demonstrativ-din-franta\/#primaryimage\"},\"thumbnailUrl\":\"https:\/\/nofloods.com\/wp-content\/uploads\/2025\/08\/NoFloods-France-Tour-2.jpg?wsr\",\"keywords\":[\"Demonstra\u021bie\",\"Fran\u021ba\"],\"articleSection\":[\"Demonstra\u021bii\"],\"inLanguage\":\"ro-RO\",\"potentialAction\":[{\"@type\":\"CommentAction\",\"name\":\"Comment\",\"target\":[\"https:\/\/nofloods.com\/ro\/vedeti-protectia-impotriva-inundatiilor-de-ultima-generatie-la-turul-nostru-demonstrativ-din-franta\/#respond\"]}]},{\"@type\":\"WebPage\",\"@id\":\"https:\/\/nofloods.com\/ro\/vedeti-protectia-impotriva-inundatiilor-de-ultima-generatie-la-turul-nostru-demonstrativ-din-franta\/\",\"url\":\"https:\/\/nofloods.com\/ro\/vedeti-protectia-impotriva-inundatiilor-de-ultima-generatie-la-turul-nostru-demonstrativ-din-franta\/\",\"name\":\"Vede\u021bi protec\u021bia \u00eempotriva inunda\u021biilor de ultim\u0103 genera\u021bie la turul nostru demonstrativ din Fran\u021ba - NoFloods\",\"isPartOf\":{\"@id\":\"https:\/\/nofloods.com\/ro\/#website\"},\"primaryImageOfPage\":{\"@id\":\"https:\/\/nofloods.com\/ro\/vedeti-protectia-impotriva-inundatiilor-de-ultima-generatie-la-turul-nostru-demonstrativ-din-franta\/#primaryimage\"},\"image\":{\"@id\":\"https:\/\/nofloods.com\/ro\/vedeti-protectia-impotriva-inundatiilor-de-ultima-generatie-la-turul-nostru-demonstrativ-din-franta\/#primaryimage\"},\"thumbnailUrl\":\"https:\/\/nofloods.com\/wp-content\/uploads\/2025\/08\/NoFloods-France-Tour-2.jpg?wsr\",\"datePublished\":\"2018-06-15T00:00:00+00:00\",\"dateModified\":\"2025-09-10T11:34:21+00:00\",\"breadcrumb\":{\"@id\":\"https:\/\/nofloods.com\/ro\/vedeti-protectia-impotriva-inundatiilor-de-ultima-generatie-la-turul-nostru-demonstrativ-din-franta\/#breadcrumb\"},\"inLanguage\":\"ro-RO\",\"potentialAction\":[{\"@type\":\"ReadAction\",\"target\":[\"https:\/\/nofloods.com\/ro\/vedeti-protectia-impotriva-inundatiilor-de-ultima-generatie-la-turul-nostru-demonstrativ-din-franta\/\"]}]},{\"@type\":\"ImageObject\",\"inLanguage\":\"ro-RO\",\"@id\":\"https:\/\/nofloods.com\/ro\/vedeti-protectia-impotriva-inundatiilor-de-ultima-generatie-la-turul-nostru-demonstrativ-din-franta\/#primaryimage\",\"url\":\"https:\/\/nofloods.com\/wp-content\/uploads\/2025\/08\/NoFloods-France-Tour-2.jpg?wsr\",\"contentUrl\":\"https:\/\/nofloods.com\/wp-content\/uploads\/2025\/08\/NoFloods-France-Tour-2.jpg?wsr\",\"width\":1200,\"height\":742,\"caption\":\"NoFloods-France-tour-2\"},{\"@type\":\"BreadcrumbList\",\"@id\":\"https:\/\/nofloods.com\/ro\/vedeti-protectia-impotriva-inundatiilor-de-ultima-generatie-la-turul-nostru-demonstrativ-din-franta\/#breadcrumb\",\"itemListElement\":[{\"@type\":\"ListItem\",\"position\":1,\"name\":\"Home\",\"item\":\"https:\/\/nofloods.com\/ro\/\"},{\"@type\":\"ListItem\",\"position\":2,\"name\":\"Vede\u021bi protec\u021bia \u00eempotriva inunda\u021biilor de ultim\u0103 genera\u021bie la turul nostru demonstrativ din Fran\u021ba\"}]},{\"@type\":\"WebSite\",\"@id\":\"https:\/\/nofloods.com\/ro\/#website\",\"url\":\"https:\/\/nofloods.com\/ro\/\",\"name\":\"NoFloods\",\"description\":\"By Environment Solutions\",\"publisher\":{\"@id\":\"https:\/\/nofloods.com\/ro\/#organization\"},\"potentialAction\":[{\"@type\":\"SearchAction\",\"target\":{\"@type\":\"EntryPoint\",\"urlTemplate\":\"https:\/\/nofloods.com\/ro\/?s={search_term_string}\"},\"query-input\":{\"@type\":\"PropertyValueSpecification\",\"valueRequired\":true,\"valueName\":\"search_term_string\"}}],\"inLanguage\":\"ro-RO\"},{\"@type\":\"Organization\",\"@id\":\"https:\/\/nofloods.com\/ro\/#organization\",\"name\":\"NoFloods\",\"url\":\"https:\/\/nofloods.com\/ro\/\",\"logo\":{\"@type\":\"ImageObject\",\"inLanguage\":\"ro-RO\",\"@id\":\"https:\/\/nofloods.com\/ro\/#\/schema\/logo\/image\/\",\"url\":\"https:\/\/nofloods.com\/wp-content\/uploads\/2025\/05\/NoFloods-EasyWall-Logo.webp?wsr\",\"contentUrl\":\"https:\/\/nofloods.com\/wp-content\/uploads\/2025\/05\/NoFloods-EasyWall-Logo.webp?wsr\",\"width\":340,\"height\":70,\"caption\":\"NoFloods\"},\"image\":{\"@id\":\"https:\/\/nofloods.com\/ro\/#\/schema\/logo\/image\/\"},\"sameAs\":[\"https:\/\/www.facebook.com\/environmentsolutions\/\",\"https:\/\/x.com\/NoFloodsBarrier\",\"https:\/\/www.linkedin.com\/company\/environment-solutions-aps\"]},{\"@type\":\"Person\",\"@id\":\"https:\/\/nofloods.com\/ro\/#\/schema\/person\/85a2e4c29aa7ed754652ba9ec793011b\",\"name\":\"nofloods_admin\",\"image\":{\"@type\":\"ImageObject\",\"inLanguage\":\"ro-RO\",\"@id\":\"https:\/\/nofloods.com\/wp-content\/litespeed\/avatar\/8c9e496d7046d9821f6ebd457a636af7.jpg?ver=1777054324\",\"url\":\"https:\/\/nofloods.com\/wp-content\/litespeed\/avatar\/8c9e496d7046d9821f6ebd457a636af7.jpg?ver=1777054324\",\"contentUrl\":\"https:\/\/nofloods.com\/wp-content\/litespeed\/avatar\/8c9e496d7046d9821f6ebd457a636af7.jpg?ver=1777054324\",\"caption\":\"nofloods_admin\"},\"sameAs\":[\"https:\/\/flood-protection.org\"],\"url\":\"https:\/\/nofloods.com\/ro\/author\/nofloods_admin\/\"}]}<\/script>\n<!-- \/ Yoast SEO plugin. -->","yoast_head_json":{"title":"Vede\u021bi protec\u021bia \u00eempotriva inunda\u021biilor de ultim\u0103 genera\u021bie la turul nostru demonstrativ din Fran\u021ba - NoFloods","robots":{"index":"index","follow":"follow","max-snippet":"max-snippet:-1","max-image-preview":"max-image-preview:large","max-video-preview":"max-video-preview:-1"},"canonical":"https:\/\/nofloods.com\/ro\/vedeti-protectia-impotriva-inundatiilor-de-ultima-generatie-la-turul-nostru-demonstrativ-din-franta\/","og_locale":"ro_RO","og_type":"article","og_title":"Vede\u021bi protec\u021bia \u00eempotriva inunda\u021biilor de ultim\u0103 genera\u021bie la turul nostru demonstrativ din Fran\u021ba - NoFloods","og_description":"Sezonul nostru de var\u0103 2018 a \u00eenceput cu diverse activit\u0103\u021bi noi, inclusiv demonstra\u021bii de produse \u00een mai multe \u021b\u0103ri europene. [&hellip;]","og_url":"https:\/\/nofloods.com\/ro\/vedeti-protectia-impotriva-inundatiilor-de-ultima-generatie-la-turul-nostru-demonstrativ-din-franta\/","og_site_name":"NoFloods","article_publisher":"https:\/\/www.facebook.com\/environmentsolutions\/","article_published_time":"2018-06-15T00:00:00+00:00","article_modified_time":"2025-09-10T11:34:21+00:00","og_image":[{"width":1200,"height":742,"url":"https:\/\/nofloods.com\/wp-content\/uploads\/2025\/08\/NoFloods-France-Tour-2.jpg","type":"image\/jpeg"}],"author":"nofloods_admin","twitter_card":"summary_large_image","twitter_creator":"@NoFloodsBarrier","twitter_site":"@NoFloodsBarrier","twitter_misc":{"Scris de":"nofloods_admin","Timp estimat pentru citire":"3 minute"},"schema":{"@context":"https:\/\/schema.org","@graph":[{"@type":"Article","@id":"https:\/\/nofloods.com\/ro\/vedeti-protectia-impotriva-inundatiilor-de-ultima-generatie-la-turul-nostru-demonstrativ-din-franta\/#article","isPartOf":{"@id":"https:\/\/nofloods.com\/ro\/vedeti-protectia-impotriva-inundatiilor-de-ultima-generatie-la-turul-nostru-demonstrativ-din-franta\/"},"author":{"name":"nofloods_admin","@id":"https:\/\/nofloods.com\/ro\/#\/schema\/person\/85a2e4c29aa7ed754652ba9ec793011b"},"headline":"Vede\u021bi protec\u021bia \u00eempotriva inunda\u021biilor de ultim\u0103 genera\u021bie la turul nostru demonstrativ din Fran\u021ba","datePublished":"2018-06-15T00:00:00+00:00","dateModified":"2025-09-10T11:34:21+00:00","mainEntityOfPage":{"@id":"https:\/\/nofloods.com\/ro\/vedeti-protectia-impotriva-inundatiilor-de-ultima-generatie-la-turul-nostru-demonstrativ-din-franta\/"},"wordCount":560,"commentCount":0,"publisher":{"@id":"https:\/\/nofloods.com\/ro\/#organization"},"image":{"@id":"https:\/\/nofloods.com\/ro\/vedeti-protectia-impotriva-inundatiilor-de-ultima-generatie-la-turul-nostru-demonstrativ-din-franta\/#primaryimage"},"thumbnailUrl":"https:\/\/nofloods.com\/wp-content\/uploads\/2025\/08\/NoFloods-France-Tour-2.jpg?wsr","keywords":["Demonstra\u021bie","Fran\u021ba"],"articleSection":["Demonstra\u021bii"],"inLanguage":"ro-RO","potentialAction":[{"@type":"CommentAction","name":"Comment","target":["https:\/\/nofloods.com\/ro\/vedeti-protectia-impotriva-inundatiilor-de-ultima-generatie-la-turul-nostru-demonstrativ-din-franta\/#respond"]}]},{"@type":"WebPage","@id":"https:\/\/nofloods.com\/ro\/vedeti-protectia-impotriva-inundatiilor-de-ultima-generatie-la-turul-nostru-demonstrativ-din-franta\/","url":"https:\/\/nofloods.com\/ro\/vedeti-protectia-impotriva-inundatiilor-de-ultima-generatie-la-turul-nostru-demonstrativ-din-franta\/","name":"Vede\u021bi protec\u021bia \u00eempotriva inunda\u021biilor de ultim\u0103 genera\u021bie la turul nostru demonstrativ din Fran\u021ba - NoFloods","isPartOf":{"@id":"https:\/\/nofloods.com\/ro\/#website"},"primaryImageOfPage":{"@id":"https:\/\/nofloods.com\/ro\/vedeti-protectia-impotriva-inundatiilor-de-ultima-generatie-la-turul-nostru-demonstrativ-din-franta\/#primaryimage"},"image":{"@id":"https:\/\/nofloods.com\/ro\/vedeti-protectia-impotriva-inundatiilor-de-ultima-generatie-la-turul-nostru-demonstrativ-din-franta\/#primaryimage"},"thumbnailUrl":"https:\/\/nofloods.com\/wp-content\/uploads\/2025\/08\/NoFloods-France-Tour-2.jpg?wsr","datePublished":"2018-06-15T00:00:00+00:00","dateModified":"2025-09-10T11:34:21+00:00","breadcrumb":{"@id":"https:\/\/nofloods.com\/ro\/vedeti-protectia-impotriva-inundatiilor-de-ultima-generatie-la-turul-nostru-demonstrativ-din-franta\/#breadcrumb"},"inLanguage":"ro-RO","potentialAction":[{"@type":"ReadAction","target":["https:\/\/nofloods.com\/ro\/vedeti-protectia-impotriva-inundatiilor-de-ultima-generatie-la-turul-nostru-demonstrativ-din-franta\/"]}]},{"@type":"ImageObject","inLanguage":"ro-RO","@id":"https:\/\/nofloods.com\/ro\/vedeti-protectia-impotriva-inundatiilor-de-ultima-generatie-la-turul-nostru-demonstrativ-din-franta\/#primaryimage","url":"https:\/\/nofloods.com\/wp-content\/uploads\/2025\/08\/NoFloods-France-Tour-2.jpg?wsr","contentUrl":"https:\/\/nofloods.com\/wp-content\/uploads\/2025\/08\/NoFloods-France-Tour-2.jpg?wsr","width":1200,"height":742,"caption":"NoFloods-France-tour-2"},{"@type":"BreadcrumbList","@id":"https:\/\/nofloods.com\/ro\/vedeti-protectia-impotriva-inundatiilor-de-ultima-generatie-la-turul-nostru-demonstrativ-din-franta\/#breadcrumb","itemListElement":[{"@type":"ListItem","position":1,"name":"Home","item":"https:\/\/nofloods.com\/ro\/"},{"@type":"ListItem","position":2,"name":"Vede\u021bi protec\u021bia \u00eempotriva inunda\u021biilor de ultim\u0103 genera\u021bie la turul nostru demonstrativ din Fran\u021ba"}]},{"@type":"WebSite","@id":"https:\/\/nofloods.com\/ro\/#website","url":"https:\/\/nofloods.com\/ro\/","name":"NoFloods","description":"By Environment Solutions","publisher":{"@id":"https:\/\/nofloods.com\/ro\/#organization"},"potentialAction":[{"@type":"SearchAction","target":{"@type":"EntryPoint","urlTemplate":"https:\/\/nofloods.com\/ro\/?s={search_term_string}"},"query-input":{"@type":"PropertyValueSpecification","valueRequired":true,"valueName":"search_term_string"}}],"inLanguage":"ro-RO"},{"@type":"Organization","@id":"https:\/\/nofloods.com\/ro\/#organization","name":"NoFloods","url":"https:\/\/nofloods.com\/ro\/","logo":{"@type":"ImageObject","inLanguage":"ro-RO","@id":"https:\/\/nofloods.com\/ro\/#\/schema\/logo\/image\/","url":"https:\/\/nofloods.com\/wp-content\/uploads\/2025\/05\/NoFloods-EasyWall-Logo.webp?wsr","contentUrl":"https:\/\/nofloods.com\/wp-content\/uploads\/2025\/05\/NoFloods-EasyWall-Logo.webp?wsr","width":340,"height":70,"caption":"NoFloods"},"image":{"@id":"https:\/\/nofloods.com\/ro\/#\/schema\/logo\/image\/"},"sameAs":["https:\/\/www.facebook.com\/environmentsolutions\/","https:\/\/x.com\/NoFloodsBarrier","https:\/\/www.linkedin.com\/company\/environment-solutions-aps"]},{"@type":"Person","@id":"https:\/\/nofloods.com\/ro\/#\/schema\/person\/85a2e4c29aa7ed754652ba9ec793011b","name":"nofloods_admin","image":{"@type":"ImageObject","inLanguage":"ro-RO","@id":"https:\/\/nofloods.com\/wp-content\/litespeed\/avatar\/8c9e496d7046d9821f6ebd457a636af7.jpg?ver=1777054324","url":"https:\/\/nofloods.com\/wp-content\/litespeed\/avatar\/8c9e496d7046d9821f6ebd457a636af7.jpg?ver=1777054324","contentUrl":"https:\/\/nofloods.com\/wp-content\/litespeed\/avatar\/8c9e496d7046d9821f6ebd457a636af7.jpg?ver=1777054324","caption":"nofloods_admin"},"sameAs":["https:\/\/flood-protection.org"],"url":"https:\/\/nofloods.com\/ro\/author\/nofloods_admin\/"}]}},"rttpg_featured_image_url":{"full":["https:\/\/nofloods.com\/wp-content\/uploads\/2025\/08\/NoFloods-France-Tour-2.jpg?wsr",1200,742,false],"landscape":["https:\/\/nofloods.com\/wp-content\/uploads\/2025\/08\/NoFloods-France-Tour-2.jpg?wsr",1200,742,false],"portraits":["https:\/\/nofloods.com\/wp-content\/uploads\/2025\/08\/NoFloods-France-Tour-2.jpg?wsr",1200,742,false],"thumbnail":["https:\/\/nofloods.com\/wp-content\/uploads\/2025\/08\/NoFloods-France-Tour-2-150x150.jpg?wsr",150,150,true],"medium":["https:\/\/nofloods.com\/wp-content\/uploads\/2025\/08\/NoFloods-France-Tour-2-300x186.jpg?wsr",300,186,true],"large":["https:\/\/nofloods.com\/wp-content\/uploads\/2025\/08\/NoFloods-France-Tour-2-1024x633.jpg?wsr",1024,633,true],"1536x1536":["https:\/\/nofloods.com\/wp-content\/uploads\/2025\/08\/NoFloods-France-Tour-2.jpg?wsr",1200,742,false],"2048x2048":["https:\/\/nofloods.com\/wp-content\/uploads\/2025\/08\/NoFloods-France-Tour-2.jpg?wsr",1200,742,false]},"rttpg_author":{"display_name":"nofloods_admin","author_link":"https:\/\/nofloods.com\/ro\/author\/nofloods_admin\/"},"rttpg_comment":0,"rttpg_category":"<a href=\"https:\/\/nofloods.com\/ro\/category\/demonstratii\/\" rel=\"category tag\">Demonstra\u021bii<\/a>","rttpg_excerpt":"Sezonul nostru de var\u0103 2018 a \u00eenceput cu diverse activit\u0103\u021bi noi, inclusiv demonstra\u021bii de produse \u00een mai multe \u021b\u0103ri europene. [&hellip;]","_links":{"self":[{"href":"https:\/\/nofloods.com\/ro\/wp-json\/wp\/v2\/posts\/17934","targetHints":{"allow":["GET"]}}],"collection":[{"href":"https:\/\/nofloods.com\/ro\/wp-json\/wp\/v2\/posts"}],"about":[{"href":"https:\/\/nofloods.com\/ro\/wp-json\/wp\/v2\/types\/post"}],"author":[{"embeddable":true,"href":"https:\/\/nofloods.com\/ro\/wp-json\/wp\/v2\/users\/1"}],"replies":[{"embeddable":true,"href":"https:\/\/nofloods.com\/ro\/wp-json\/wp\/v2\/comments?post=17934"}],"version-history":[{"count":3,"href":"https:\/\/nofloods.com\/ro\/wp-json\/wp\/v2\/posts\/17934\/revisions"}],"predecessor-version":[{"id":21257,"href":"https:\/\/nofloods.com\/ro\/wp-json\/wp\/v2\/posts\/17934\/revisions\/21257"}],"wp:featuredmedia":[{"embeddable":true,"href":"https:\/\/nofloods.com\/ro\/wp-json\/wp\/v2\/media\/17936"}],"wp:attachment":[{"href":"https:\/\/nofloods.com\/ro\/wp-json\/wp\/v2\/media?parent=17934"}],"wp:term":[{"taxonomy":"category","embeddable":true,"href":"https:\/\/nofloods.com\/ro\/wp-json\/wp\/v2\/categories?post=17934"},{"taxonomy":"post_tag","embeddable":true,"href":"https:\/\/nofloods.com\/ro\/wp-json\/wp\/v2\/tags?post=17934"}],"curies":[{"name":"wp","href":"https:\/\/api.w.org\/{rel}","templated":true}]}}