{"id":18006,"date":"2018-06-22T00:00:00","date_gmt":"2018-06-22T00:00:00","guid":{"rendered":"https:\/\/flood-protection.org\/bariera-de-inundatii-expusa-in-provence-sudul-frantei\/"},"modified":"2025-09-10T11:34:08","modified_gmt":"2025-09-10T11:34:08","slug":"bariera-de-inundatii-expusa-in-provence-sudul-frantei","status":"publish","type":"post","link":"https:\/\/nofloods.com\/ro\/bariera-de-inundatii-expusa-in-provence-sudul-frantei\/","title":{"rendered":"Bariera de inunda\u021bii expus\u0103 \u00een Provence, sudul Fran\u021bei"},"content":{"rendered":"\n<p>Recent, ne-am \u00eentors \u00een Fran\u021ba, de data aceasta \u00een frumoasa regiune Provence, pentru o serie de demonstra\u021bii de protec\u021bie \u00eempotriva inunda\u021biilor de succes.<\/p>\n\n<h2 class=\"wp-block-heading\"><b>Prezentarea Barierelor de inunda\u021bii cu SABA<\/b><\/h2>\n\n<p>Syndicat d&#8217;Am\u00e9nagement du Bassin de l&#8217;Arc <strong>(SABA)<\/strong>, o entitate public\u0103 care consiliaz\u0103 25 de municipalit\u0103\u021bi \u00een gestionarea inunda\u021biilor \u0219i siguran\u021ba apei, ne-a invitat s\u0103 prezent\u0103m capabilit\u0103\u021bile <a href=\"https:\/\/nofloods.com\/flood-barriers\/\">barierelor noastre de inunda\u021bii<\/a>.<\/p>\n\n<p>Demonstra\u021bia noastr\u0103 s-a concentrat pe r\u00e2ul l\u2019Arc, care se vars\u0103 \u00een \u00c9tang de Berre, l\u00e2ng\u0103 Aeroportul Marseille. <\/p>\n\n<p>Cu experien\u021ba sa vast\u0103 \u00een gestionarea riscurilor de inunda\u021bii, SABA joac\u0103 un rol crucial \u00een ajutarea municipalit\u0103\u021bilor locale s\u0103 se preg\u0103teasc\u0103 pentru evenimente meteorologice extreme.<\/p>\n\n<p>Sub soarele mediteranean intens de 35\u00b0C, instructorul nostru de demonstra\u021bii, Stevan, a desf\u0103\u0219urat singur echipamentul nostru, demonstr\u00e2nd c\u00e2t de rapide \u0219i eficiente sunt solu\u021biile noastre. <\/p>\n\n<p>Dup\u0103 o demonstra\u021bie de succes, a luat o pauz\u0103 bine meritat\u0103, relax\u00e2ndu-se pe <a href=\"https:\/\/nofloods.com\/alu-barriers\/\">Bariera noastr\u0103 de Alu<\/a> la umbra r\u0103coroas\u0103 a platanilor, a\u0219a cum se poate vedea \u00een imaginea de mai jos.<\/p>\n\n<h3 class=\"wp-block-heading\"><b><figure><img fetchpriority=\"high\" decoding=\"async\" class=\" wp-image-270792 aligncenter\" src=\"https:\/\/nofloods.com\/wp-content\/uploads\/Stevan-relaxing-on-our-Alu-Barrier-in-France.jpg\" alt=\"\" width=\"600\" height=\"461\"\/><\/figure>O a doua demonstra\u021bie \u00een Aix-en-Provence<\/b><\/h3>\n\n<p>A doua zi, ne-am \u00eendreptat spre Aix-en-Provence, un ora\u0219 istoric cu r\u0103d\u0103cini romane ad\u00e2nci \u0219i unul dintre principalele centre urbane ale regiunii.<\/p>\n\n<p>Aici, departamentul de gestionare a riscurilor al ora\u0219ului a solicitat o demonstra\u021bie la un complex sportiv unde au participat p\u0103r\u021bile interesate cheie, inclusiv:<\/p>\n\n<ul class=\"wp-block-list\">\n<li>Reprezentan\u021bi ai SDIS (pompieri)<\/li>\n\n\n\n<li>Oficiali din metropol\u0103 \u0219i stat implica\u021bi \u00een gestionarea riscurilor de inunda\u021bii<\/li>\n<\/ul>\n\n<p><a href=\"https:\/\/nofloods.com\/flexwall\/\">Bariera noastr\u0103 de inunda\u021bii Flex Wall<\/a> a fost punctul de atrac\u021bie, demonstr\u00e2nd desf\u0103\u0219urarea rapid\u0103 \u0219i fiabilitatea sa \u00eempotriva ploilor toren\u021biale, o provocare comun\u0103 \u00een climatul mediteranean.<\/p>\n\n<p>Demonstra\u021bia din Aix a avut loc pe 20<sup data-redactor-tag=\"sup\"> iunie<\/sup> 2018. <\/p>\n\n<p>Mai jos sunt c\u00e2teva imagini ale evenimentelor. <\/p>\n\n<figure class=\"wp-block-gallery has-nested-images columns-2 is-cropped wp-block-gallery-2 is-layout-flex wp-block-gallery-is-layout-flex\">\n<figure class=\"wp-block-image size-large\"><img decoding=\"async\" width=\"640\" height=\"492\" data-id=\"12180\" src=\"https:\/\/nofloods.com\/wp-content\/uploads\/2018\/06\/Successful-NoFloods-Demos-In-Provence-France.jpg\" alt=\"\" class=\"wp-image-12180\" srcset=\"https:\/\/nofloods.com\/wp-content\/uploads\/2018\/06\/Successful-NoFloods-Demos-In-Provence-France.jpg 640w, https:\/\/nofloods.com\/wp-content\/uploads\/2018\/06\/Successful-NoFloods-Demos-In-Provence-France-300x231.jpg 300w\" sizes=\"(max-width: 640px) 100vw, 640px\" \/><\/figure>\n\n\n\n<figure class=\"wp-block-image size-large\"><img decoding=\"async\" width=\"640\" height=\"492\" data-id=\"12181\" src=\"https:\/\/nofloods.com\/wp-content\/uploads\/2018\/06\/Successful-NoFloods-Demos-In-France-1.jpg\" alt=\"\" class=\"wp-image-12181\" srcset=\"https:\/\/nofloods.com\/wp-content\/uploads\/2018\/06\/Successful-NoFloods-Demos-In-France-1.jpg 640w, https:\/\/nofloods.com\/wp-content\/uploads\/2018\/06\/Successful-NoFloods-Demos-In-France-1-300x231.jpg 300w\" sizes=\"(max-width: 640px) 100vw, 640px\" \/><\/figure>\n\n\n\n<figure class=\"wp-block-image size-large\"><img loading=\"lazy\" decoding=\"async\" width=\"640\" height=\"492\" data-id=\"12182\" src=\"https:\/\/nofloods.com\/wp-content\/uploads\/2018\/06\/Successful-NoFloods-Demos-In-Provence-Southern-France-2.jpg\" alt=\"\" class=\"wp-image-12182\" srcset=\"https:\/\/nofloods.com\/wp-content\/uploads\/2018\/06\/Successful-NoFloods-Demos-In-Provence-Southern-France-2.jpg 640w, https:\/\/nofloods.com\/wp-content\/uploads\/2018\/06\/Successful-NoFloods-Demos-In-Provence-Southern-France-2-300x231.jpg 300w\" sizes=\"(max-width: 640px) 100vw, 640px\" \/><\/figure>\n\n\n\n<figure class=\"wp-block-image size-large\"><img loading=\"lazy\" decoding=\"async\" width=\"640\" height=\"492\" data-id=\"12183\" src=\"https:\/\/nofloods.com\/wp-content\/uploads\/2018\/06\/NoFloods-Demos-In-Provence-Southern-France.jpg\" alt=\"\" class=\"wp-image-12183\" srcset=\"https:\/\/nofloods.com\/wp-content\/uploads\/2018\/06\/NoFloods-Demos-In-Provence-Southern-France.jpg 640w, https:\/\/nofloods.com\/wp-content\/uploads\/2018\/06\/NoFloods-Demos-In-Provence-Southern-France-300x231.jpg 300w\" sizes=\"(max-width: 640px) 100vw, 640px\" \/><\/figure>\n\n\n\n<figure class=\"wp-block-image size-large\"><img loading=\"lazy\" decoding=\"async\" width=\"640\" height=\"495\" data-id=\"12184\" src=\"https:\/\/nofloods.com\/wp-content\/uploads\/2018\/06\/Successful-NoFloods-Demos-In-Provence-Southern-France.jpg\" alt=\"\" class=\"wp-image-12184\" srcset=\"https:\/\/nofloods.com\/wp-content\/uploads\/2018\/06\/Successful-NoFloods-Demos-In-Provence-Southern-France.jpg 640w, https:\/\/nofloods.com\/wp-content\/uploads\/2018\/06\/Successful-NoFloods-Demos-In-Provence-Southern-France-300x232.jpg 300w\" sizes=\"(max-width: 640px) 100vw, 640px\" \/><\/figure>\n<\/figure>\n\n<p>\u0218i un scurt clip video<\/p>\n\n<figure class=\"wp-block-embed is-type-video is-provider-youtube wp-block-embed-youtube wp-embed-aspect-16-9 wp-has-aspect-ratio\"><div class=\"wp-block-embed__wrapper\">\n<div class=\"epyt-video-wrapper\"><iframe  id=\"_ytid_16241\"  width=\"1200\" height=\"675\"  data-origwidth=\"1200\" data-origheight=\"675\" src=\"https:\/\/www.youtube.com\/embed\/ASzHLHmYkrA?enablejsapi=1&#038;autoplay=0&#038;cc_load_policy=0&#038;cc_lang_pref=&#038;iv_load_policy=1&#038;loop=0&#038;rel=1&#038;fs=1&#038;playsinline=0&#038;autohide=2&#038;hl=ro_RO&#038;theme=dark&#038;color=red&#038;controls=1&#038;disablekb=0&#038;\" class=\"__youtube_prefs__  epyt-is-override  no-lazyload\" title=\"YouTube player\"  allow=\"fullscreen; accelerometer; autoplay; clipboard-write; encrypted-media; gyroscope; picture-in-picture; web-share\" referrerpolicy=\"strict-origin-when-cross-origin\" allowfullscreen data-no-lazy=\"1\" data-skipgform_ajax_framebjll=\"\"><\/iframe><\/div>\n<\/div><\/figure>\n\n<p>Imaginea de mai jos eviden\u021biaz\u0103 zonele unde au avut loc demonstra\u021biile noastre.<\/p>\n\n<h3 class=\"wp-block-heading\"><b><figure><img loading=\"lazy\" decoding=\"async\" class=\"alignnone size-full wp-image-270868\" src=\"https:\/\/nofloods.com\/wp-content\/uploads\/SABA-Francejpg.jpg\" alt=\"SABA &#x219;i Aix-en-Provence &#xEE;n sudul Fran&#x21B;ei\" width=\"442\" height=\"254\"\/><\/figure><\/b><\/h3>\n\n<h3 class=\"wp-block-heading\"><b>Preg\u0103tirea pentru viitoarele inunda\u021bii<\/b><\/h3>\n\n<p>Aceste demonstra\u021bii au consolidat nevoia tot mai mare de protec\u021bie rapid\u0103 \u0219i eficient\u0103 \u00eempotriva inunda\u021biilor \u00een \u00eentreaga Fran\u021b\u0103. <\/p>\n\n<p>Pe m\u0103sur\u0103 ce modelele climatice se schimb\u0103 \u0219i evenimentele meteorologice extreme devin mai frecvente, solu\u021biile proactive precum barierele noastre de inunda\u021bii sunt esen\u021biale pentru protejarea comunit\u0103\u021bilor.<\/p>\n\n<h4 class=\"wp-block-heading\"><b>Sunte\u021bi responsabil pentru gestionarea inunda\u021biilor \u00een zona dumneavoastr\u0103?<\/b><\/h4>\n\n<p>Contacta\u021bi-ne ast\u0103zi pentru a afla cum solu\u021biile noastre inovatoare pot ajuta la protejarea ora\u0219ului, afacerii sau comunit\u0103\u021bii dumneavoastr\u0103.<\/p>\n","protected":false},"excerpt":{"rendered":"<p>Recent, ne-am \u00eentors \u00een Fran\u021ba, de data aceasta \u00een frumoasa regiune Provence, pentru o serie de demonstra\u021bii de protec\u021bie \u00eempotriva [&hellip;]<\/p>\n","protected":false},"author":1,"featured_media":18007,"comment_status":"open","ping_status":"open","sticky":false,"template":"","format":"standard","meta":{"_acf_changed":false,"site-sidebar-layout":"default","site-content-layout":"","ast-site-content-layout":"default","site-content-style":"default","site-sidebar-style":"default","ast-global-header-display":"","ast-banner-title-visibility":"","ast-main-header-display":"","ast-hfb-above-header-display":"","ast-hfb-below-header-display":"","ast-hfb-mobile-header-display":"","site-post-title":"","ast-breadcrumbs-content":"","ast-featured-img":"","footer-sml-layout":"","ast-disable-related-posts":"","theme-transparent-header-meta":"","adv-header-id-meta":"","stick-header-meta":"","header-above-stick-meta":"","header-main-stick-meta":"","header-below-stick-meta":"","astra-migrate-meta-layouts":"default","ast-page-background-enabled":"default","ast-page-background-meta":{"desktop":{"background-color":"","background-image":"","background-repeat":"repeat","background-position":"center center","background-size":"auto","background-attachment":"scroll","background-type":"","background-media":"","overlay-type":"","overlay-color":"","overlay-opacity":"","overlay-gradient":""},"tablet":{"background-color":"","background-image":"","background-repeat":"repeat","background-position":"center center","background-size":"auto","background-attachment":"scroll","background-type":"","background-media":"","overlay-type":"","overlay-color":"","overlay-opacity":"","overlay-gradient":""},"mobile":{"background-color":"","background-image":"","background-repeat":"repeat","background-position":"center center","background-size":"auto","background-attachment":"scroll","background-type":"","background-media":"","overlay-type":"","overlay-color":"","overlay-opacity":"","overlay-gradient":""}},"ast-content-background-meta":{"desktop":{"background-color":"var(--ast-global-color-5)","background-image":"","background-repeat":"repeat","background-position":"center center","background-size":"auto","background-attachment":"scroll","background-type":"","background-media":"","overlay-type":"","overlay-color":"","overlay-opacity":"","overlay-gradient":""},"tablet":{"background-color":"var(--ast-global-color-5)","background-image":"","background-repeat":"repeat","background-position":"center center","background-size":"auto","background-attachment":"scroll","background-type":"","background-media":"","overlay-type":"","overlay-color":"","overlay-opacity":"","overlay-gradient":""},"mobile":{"background-color":"var(--ast-global-color-5)","background-image":"","background-repeat":"repeat","background-position":"center center","background-size":"auto","background-attachment":"scroll","background-type":"","background-media":"","overlay-type":"","overlay-color":"","overlay-opacity":"","overlay-gradient":""}},"footnotes":""},"categories":[1476],"tags":[1842,1843],"class_list":["post-18006","post","type-post","status-publish","format-standard","has-post-thumbnail","hentry","category-demonstratii","tag-demonstratie","tag-franta"],"acf":[],"yoast_head":"<!-- This site is optimized with the Yoast SEO plugin v27.2 - https:\/\/yoast.com\/product\/yoast-seo-wordpress\/ -->\n<title>Bariera de inunda\u021bii expus\u0103 \u00een Provence, sudul Fran\u021bei - NoFloods<\/title>\n<meta name=\"robots\" content=\"index, follow, max-snippet:-1, max-image-preview:large, max-video-preview:-1\" \/>\n<link rel=\"canonical\" href=\"https:\/\/nofloods.com\/ro\/bariera-de-inundatii-expusa-in-provence-sudul-frantei\/\" \/>\n<meta property=\"og:locale\" content=\"ro_RO\" \/>\n<meta property=\"og:type\" content=\"article\" \/>\n<meta property=\"og:title\" content=\"Bariera de inunda\u021bii expus\u0103 \u00een Provence, sudul Fran\u021bei - NoFloods\" \/>\n<meta property=\"og:description\" content=\"Recent, ne-am \u00eentors \u00een Fran\u021ba, de data aceasta \u00een frumoasa regiune Provence, pentru o serie de demonstra\u021bii de protec\u021bie \u00eempotriva [&hellip;]\" \/>\n<meta property=\"og:url\" content=\"https:\/\/nofloods.com\/ro\/bariera-de-inundatii-expusa-in-provence-sudul-frantei\/\" \/>\n<meta property=\"og:site_name\" content=\"NoFloods\" \/>\n<meta property=\"article:publisher\" content=\"https:\/\/www.facebook.com\/environmentsolutions\/\" \/>\n<meta property=\"article:published_time\" content=\"2018-06-22T00:00:00+00:00\" \/>\n<meta property=\"article:modified_time\" content=\"2025-09-10T11:34:08+00:00\" \/>\n<meta property=\"og:image\" content=\"https:\/\/nofloods.com\/wp-content\/uploads\/2025\/08\/Successful-NoFloods-Demos-In-France.jpg\" \/>\n\t<meta property=\"og:image:width\" content=\"640\" \/>\n\t<meta property=\"og:image:height\" content=\"492\" \/>\n\t<meta property=\"og:image:type\" content=\"image\/jpeg\" \/>\n<meta name=\"author\" content=\"nofloods_admin\" \/>\n<meta name=\"twitter:card\" content=\"summary_large_image\" \/>\n<meta name=\"twitter:creator\" content=\"@NoFloodsBarrier\" \/>\n<meta name=\"twitter:site\" content=\"@NoFloodsBarrier\" \/>\n<meta name=\"twitter:label1\" content=\"Scris de\" \/>\n\t<meta name=\"twitter:data1\" content=\"nofloods_admin\" \/>\n\t<meta name=\"twitter:label2\" content=\"Timp estimat pentru citire\" \/>\n\t<meta name=\"twitter:data2\" content=\"2 minute\" \/>\n<script type=\"application\/ld+json\" class=\"yoast-schema-graph\">{\"@context\":\"https:\/\/schema.org\",\"@graph\":[{\"@type\":\"Article\",\"@id\":\"https:\/\/nofloods.com\/ro\/bariera-de-inundatii-expusa-in-provence-sudul-frantei\/#article\",\"isPartOf\":{\"@id\":\"https:\/\/nofloods.com\/ro\/bariera-de-inundatii-expusa-in-provence-sudul-frantei\/\"},\"author\":{\"name\":\"nofloods_admin\",\"@id\":\"https:\/\/nofloods.com\/ro\/#\/schema\/person\/85a2e4c29aa7ed754652ba9ec793011b\"},\"headline\":\"Bariera de inunda\u021bii expus\u0103 \u00een Provence, sudul Fran\u021bei\",\"datePublished\":\"2018-06-22T00:00:00+00:00\",\"dateModified\":\"2025-09-10T11:34:08+00:00\",\"mainEntityOfPage\":{\"@id\":\"https:\/\/nofloods.com\/ro\/bariera-de-inundatii-expusa-in-provence-sudul-frantei\/\"},\"wordCount\":437,\"commentCount\":0,\"publisher\":{\"@id\":\"https:\/\/nofloods.com\/ro\/#organization\"},\"image\":{\"@id\":\"https:\/\/nofloods.com\/ro\/bariera-de-inundatii-expusa-in-provence-sudul-frantei\/#primaryimage\"},\"thumbnailUrl\":\"https:\/\/nofloods.com\/wp-content\/uploads\/2025\/08\/Successful-NoFloods-Demos-In-France.jpg?wsr\",\"keywords\":[\"Demonstra\u021bie\",\"Fran\u021ba\"],\"articleSection\":[\"Demonstra\u021bii\"],\"inLanguage\":\"ro-RO\",\"potentialAction\":[{\"@type\":\"CommentAction\",\"name\":\"Comment\",\"target\":[\"https:\/\/nofloods.com\/ro\/bariera-de-inundatii-expusa-in-provence-sudul-frantei\/#respond\"]}]},{\"@type\":\"WebPage\",\"@id\":\"https:\/\/nofloods.com\/ro\/bariera-de-inundatii-expusa-in-provence-sudul-frantei\/\",\"url\":\"https:\/\/nofloods.com\/ro\/bariera-de-inundatii-expusa-in-provence-sudul-frantei\/\",\"name\":\"Bariera de inunda\u021bii expus\u0103 \u00een Provence, sudul Fran\u021bei - NoFloods\",\"isPartOf\":{\"@id\":\"https:\/\/nofloods.com\/ro\/#website\"},\"primaryImageOfPage\":{\"@id\":\"https:\/\/nofloods.com\/ro\/bariera-de-inundatii-expusa-in-provence-sudul-frantei\/#primaryimage\"},\"image\":{\"@id\":\"https:\/\/nofloods.com\/ro\/bariera-de-inundatii-expusa-in-provence-sudul-frantei\/#primaryimage\"},\"thumbnailUrl\":\"https:\/\/nofloods.com\/wp-content\/uploads\/2025\/08\/Successful-NoFloods-Demos-In-France.jpg?wsr\",\"datePublished\":\"2018-06-22T00:00:00+00:00\",\"dateModified\":\"2025-09-10T11:34:08+00:00\",\"breadcrumb\":{\"@id\":\"https:\/\/nofloods.com\/ro\/bariera-de-inundatii-expusa-in-provence-sudul-frantei\/#breadcrumb\"},\"inLanguage\":\"ro-RO\",\"potentialAction\":[{\"@type\":\"ReadAction\",\"target\":[\"https:\/\/nofloods.com\/ro\/bariera-de-inundatii-expusa-in-provence-sudul-frantei\/\"]}]},{\"@type\":\"ImageObject\",\"inLanguage\":\"ro-RO\",\"@id\":\"https:\/\/nofloods.com\/ro\/bariera-de-inundatii-expusa-in-provence-sudul-frantei\/#primaryimage\",\"url\":\"https:\/\/nofloods.com\/wp-content\/uploads\/2025\/08\/Successful-NoFloods-Demos-In-France.jpg?wsr\",\"contentUrl\":\"https:\/\/nofloods.com\/wp-content\/uploads\/2025\/08\/Successful-NoFloods-Demos-In-France.jpg?wsr\",\"width\":640,\"height\":492,\"caption\":\"Demonstra\u021bii de succes-NoFloods-\u00een-Fran\u021ba\"},{\"@type\":\"BreadcrumbList\",\"@id\":\"https:\/\/nofloods.com\/ro\/bariera-de-inundatii-expusa-in-provence-sudul-frantei\/#breadcrumb\",\"itemListElement\":[{\"@type\":\"ListItem\",\"position\":1,\"name\":\"Home\",\"item\":\"https:\/\/nofloods.com\/ro\/\"},{\"@type\":\"ListItem\",\"position\":2,\"name\":\"Bariera de inunda\u021bii expus\u0103 \u00een Provence, sudul Fran\u021bei\"}]},{\"@type\":\"WebSite\",\"@id\":\"https:\/\/nofloods.com\/ro\/#website\",\"url\":\"https:\/\/nofloods.com\/ro\/\",\"name\":\"NoFloods\",\"description\":\"By Environment Solutions\",\"publisher\":{\"@id\":\"https:\/\/nofloods.com\/ro\/#organization\"},\"potentialAction\":[{\"@type\":\"SearchAction\",\"target\":{\"@type\":\"EntryPoint\",\"urlTemplate\":\"https:\/\/nofloods.com\/ro\/?s={search_term_string}\"},\"query-input\":{\"@type\":\"PropertyValueSpecification\",\"valueRequired\":true,\"valueName\":\"search_term_string\"}}],\"inLanguage\":\"ro-RO\"},{\"@type\":\"Organization\",\"@id\":\"https:\/\/nofloods.com\/ro\/#organization\",\"name\":\"NoFloods\",\"url\":\"https:\/\/nofloods.com\/ro\/\",\"logo\":{\"@type\":\"ImageObject\",\"inLanguage\":\"ro-RO\",\"@id\":\"https:\/\/nofloods.com\/ro\/#\/schema\/logo\/image\/\",\"url\":\"https:\/\/nofloods.com\/wp-content\/uploads\/2025\/05\/NoFloods-EasyWall-Logo.webp?wsr\",\"contentUrl\":\"https:\/\/nofloods.com\/wp-content\/uploads\/2025\/05\/NoFloods-EasyWall-Logo.webp?wsr\",\"width\":340,\"height\":70,\"caption\":\"NoFloods\"},\"image\":{\"@id\":\"https:\/\/nofloods.com\/ro\/#\/schema\/logo\/image\/\"},\"sameAs\":[\"https:\/\/www.facebook.com\/environmentsolutions\/\",\"https:\/\/x.com\/NoFloodsBarrier\",\"https:\/\/www.linkedin.com\/company\/environment-solutions-aps\"]},{\"@type\":\"Person\",\"@id\":\"https:\/\/nofloods.com\/ro\/#\/schema\/person\/85a2e4c29aa7ed754652ba9ec793011b\",\"name\":\"nofloods_admin\",\"image\":{\"@type\":\"ImageObject\",\"inLanguage\":\"ro-RO\",\"@id\":\"https:\/\/nofloods.com\/wp-content\/litespeed\/avatar\/8c9e496d7046d9821f6ebd457a636af7.jpg?ver=1777054324\",\"url\":\"https:\/\/nofloods.com\/wp-content\/litespeed\/avatar\/8c9e496d7046d9821f6ebd457a636af7.jpg?ver=1777054324\",\"contentUrl\":\"https:\/\/nofloods.com\/wp-content\/litespeed\/avatar\/8c9e496d7046d9821f6ebd457a636af7.jpg?ver=1777054324\",\"caption\":\"nofloods_admin\"},\"sameAs\":[\"https:\/\/flood-protection.org\"],\"url\":\"https:\/\/nofloods.com\/ro\/author\/nofloods_admin\/\"}]}<\/script>\n<!-- \/ Yoast SEO plugin. -->","yoast_head_json":{"title":"Bariera de inunda\u021bii expus\u0103 \u00een Provence, sudul Fran\u021bei - NoFloods","robots":{"index":"index","follow":"follow","max-snippet":"max-snippet:-1","max-image-preview":"max-image-preview:large","max-video-preview":"max-video-preview:-1"},"canonical":"https:\/\/nofloods.com\/ro\/bariera-de-inundatii-expusa-in-provence-sudul-frantei\/","og_locale":"ro_RO","og_type":"article","og_title":"Bariera de inunda\u021bii expus\u0103 \u00een Provence, sudul Fran\u021bei - NoFloods","og_description":"Recent, ne-am \u00eentors \u00een Fran\u021ba, de data aceasta \u00een frumoasa regiune Provence, pentru o serie de demonstra\u021bii de protec\u021bie \u00eempotriva [&hellip;]","og_url":"https:\/\/nofloods.com\/ro\/bariera-de-inundatii-expusa-in-provence-sudul-frantei\/","og_site_name":"NoFloods","article_publisher":"https:\/\/www.facebook.com\/environmentsolutions\/","article_published_time":"2018-06-22T00:00:00+00:00","article_modified_time":"2025-09-10T11:34:08+00:00","og_image":[{"width":640,"height":492,"url":"https:\/\/nofloods.com\/wp-content\/uploads\/2025\/08\/Successful-NoFloods-Demos-In-France.jpg","type":"image\/jpeg"}],"author":"nofloods_admin","twitter_card":"summary_large_image","twitter_creator":"@NoFloodsBarrier","twitter_site":"@NoFloodsBarrier","twitter_misc":{"Scris de":"nofloods_admin","Timp estimat pentru citire":"2 minute"},"schema":{"@context":"https:\/\/schema.org","@graph":[{"@type":"Article","@id":"https:\/\/nofloods.com\/ro\/bariera-de-inundatii-expusa-in-provence-sudul-frantei\/#article","isPartOf":{"@id":"https:\/\/nofloods.com\/ro\/bariera-de-inundatii-expusa-in-provence-sudul-frantei\/"},"author":{"name":"nofloods_admin","@id":"https:\/\/nofloods.com\/ro\/#\/schema\/person\/85a2e4c29aa7ed754652ba9ec793011b"},"headline":"Bariera de inunda\u021bii expus\u0103 \u00een Provence, sudul Fran\u021bei","datePublished":"2018-06-22T00:00:00+00:00","dateModified":"2025-09-10T11:34:08+00:00","mainEntityOfPage":{"@id":"https:\/\/nofloods.com\/ro\/bariera-de-inundatii-expusa-in-provence-sudul-frantei\/"},"wordCount":437,"commentCount":0,"publisher":{"@id":"https:\/\/nofloods.com\/ro\/#organization"},"image":{"@id":"https:\/\/nofloods.com\/ro\/bariera-de-inundatii-expusa-in-provence-sudul-frantei\/#primaryimage"},"thumbnailUrl":"https:\/\/nofloods.com\/wp-content\/uploads\/2025\/08\/Successful-NoFloods-Demos-In-France.jpg?wsr","keywords":["Demonstra\u021bie","Fran\u021ba"],"articleSection":["Demonstra\u021bii"],"inLanguage":"ro-RO","potentialAction":[{"@type":"CommentAction","name":"Comment","target":["https:\/\/nofloods.com\/ro\/bariera-de-inundatii-expusa-in-provence-sudul-frantei\/#respond"]}]},{"@type":"WebPage","@id":"https:\/\/nofloods.com\/ro\/bariera-de-inundatii-expusa-in-provence-sudul-frantei\/","url":"https:\/\/nofloods.com\/ro\/bariera-de-inundatii-expusa-in-provence-sudul-frantei\/","name":"Bariera de inunda\u021bii expus\u0103 \u00een Provence, sudul Fran\u021bei - NoFloods","isPartOf":{"@id":"https:\/\/nofloods.com\/ro\/#website"},"primaryImageOfPage":{"@id":"https:\/\/nofloods.com\/ro\/bariera-de-inundatii-expusa-in-provence-sudul-frantei\/#primaryimage"},"image":{"@id":"https:\/\/nofloods.com\/ro\/bariera-de-inundatii-expusa-in-provence-sudul-frantei\/#primaryimage"},"thumbnailUrl":"https:\/\/nofloods.com\/wp-content\/uploads\/2025\/08\/Successful-NoFloods-Demos-In-France.jpg?wsr","datePublished":"2018-06-22T00:00:00+00:00","dateModified":"2025-09-10T11:34:08+00:00","breadcrumb":{"@id":"https:\/\/nofloods.com\/ro\/bariera-de-inundatii-expusa-in-provence-sudul-frantei\/#breadcrumb"},"inLanguage":"ro-RO","potentialAction":[{"@type":"ReadAction","target":["https:\/\/nofloods.com\/ro\/bariera-de-inundatii-expusa-in-provence-sudul-frantei\/"]}]},{"@type":"ImageObject","inLanguage":"ro-RO","@id":"https:\/\/nofloods.com\/ro\/bariera-de-inundatii-expusa-in-provence-sudul-frantei\/#primaryimage","url":"https:\/\/nofloods.com\/wp-content\/uploads\/2025\/08\/Successful-NoFloods-Demos-In-France.jpg?wsr","contentUrl":"https:\/\/nofloods.com\/wp-content\/uploads\/2025\/08\/Successful-NoFloods-Demos-In-France.jpg?wsr","width":640,"height":492,"caption":"Demonstra\u021bii de succes-NoFloods-\u00een-Fran\u021ba"},{"@type":"BreadcrumbList","@id":"https:\/\/nofloods.com\/ro\/bariera-de-inundatii-expusa-in-provence-sudul-frantei\/#breadcrumb","itemListElement":[{"@type":"ListItem","position":1,"name":"Home","item":"https:\/\/nofloods.com\/ro\/"},{"@type":"ListItem","position":2,"name":"Bariera de inunda\u021bii expus\u0103 \u00een Provence, sudul Fran\u021bei"}]},{"@type":"WebSite","@id":"https:\/\/nofloods.com\/ro\/#website","url":"https:\/\/nofloods.com\/ro\/","name":"NoFloods","description":"By Environment Solutions","publisher":{"@id":"https:\/\/nofloods.com\/ro\/#organization"},"potentialAction":[{"@type":"SearchAction","target":{"@type":"EntryPoint","urlTemplate":"https:\/\/nofloods.com\/ro\/?s={search_term_string}"},"query-input":{"@type":"PropertyValueSpecification","valueRequired":true,"valueName":"search_term_string"}}],"inLanguage":"ro-RO"},{"@type":"Organization","@id":"https:\/\/nofloods.com\/ro\/#organization","name":"NoFloods","url":"https:\/\/nofloods.com\/ro\/","logo":{"@type":"ImageObject","inLanguage":"ro-RO","@id":"https:\/\/nofloods.com\/ro\/#\/schema\/logo\/image\/","url":"https:\/\/nofloods.com\/wp-content\/uploads\/2025\/05\/NoFloods-EasyWall-Logo.webp?wsr","contentUrl":"https:\/\/nofloods.com\/wp-content\/uploads\/2025\/05\/NoFloods-EasyWall-Logo.webp?wsr","width":340,"height":70,"caption":"NoFloods"},"image":{"@id":"https:\/\/nofloods.com\/ro\/#\/schema\/logo\/image\/"},"sameAs":["https:\/\/www.facebook.com\/environmentsolutions\/","https:\/\/x.com\/NoFloodsBarrier","https:\/\/www.linkedin.com\/company\/environment-solutions-aps"]},{"@type":"Person","@id":"https:\/\/nofloods.com\/ro\/#\/schema\/person\/85a2e4c29aa7ed754652ba9ec793011b","name":"nofloods_admin","image":{"@type":"ImageObject","inLanguage":"ro-RO","@id":"https:\/\/nofloods.com\/wp-content\/litespeed\/avatar\/8c9e496d7046d9821f6ebd457a636af7.jpg?ver=1777054324","url":"https:\/\/nofloods.com\/wp-content\/litespeed\/avatar\/8c9e496d7046d9821f6ebd457a636af7.jpg?ver=1777054324","contentUrl":"https:\/\/nofloods.com\/wp-content\/litespeed\/avatar\/8c9e496d7046d9821f6ebd457a636af7.jpg?ver=1777054324","caption":"nofloods_admin"},"sameAs":["https:\/\/flood-protection.org"],"url":"https:\/\/nofloods.com\/ro\/author\/nofloods_admin\/"}]}},"rttpg_featured_image_url":{"full":["https:\/\/nofloods.com\/wp-content\/uploads\/2025\/08\/Successful-NoFloods-Demos-In-France.jpg?wsr",640,492,false],"landscape":["https:\/\/nofloods.com\/wp-content\/uploads\/2025\/08\/Successful-NoFloods-Demos-In-France.jpg?wsr",640,492,false],"portraits":["https:\/\/nofloods.com\/wp-content\/uploads\/2025\/08\/Successful-NoFloods-Demos-In-France.jpg?wsr",640,492,false],"thumbnail":["https:\/\/nofloods.com\/wp-content\/uploads\/2025\/08\/Successful-NoFloods-Demos-In-France-150x150.jpg?wsr",150,150,true],"medium":["https:\/\/nofloods.com\/wp-content\/uploads\/2025\/08\/Successful-NoFloods-Demos-In-France-300x231.jpg?wsr",300,231,true],"large":["https:\/\/nofloods.com\/wp-content\/uploads\/2025\/08\/Successful-NoFloods-Demos-In-France.jpg?wsr",640,492,false],"1536x1536":["https:\/\/nofloods.com\/wp-content\/uploads\/2025\/08\/Successful-NoFloods-Demos-In-France.jpg?wsr",640,492,false],"2048x2048":["https:\/\/nofloods.com\/wp-content\/uploads\/2025\/08\/Successful-NoFloods-Demos-In-France.jpg?wsr",640,492,false]},"rttpg_author":{"display_name":"nofloods_admin","author_link":"https:\/\/nofloods.com\/ro\/author\/nofloods_admin\/"},"rttpg_comment":0,"rttpg_category":"<a href=\"https:\/\/nofloods.com\/ro\/category\/demonstratii\/\" rel=\"category tag\">Demonstra\u021bii<\/a>","rttpg_excerpt":"Recent, ne-am \u00eentors \u00een Fran\u021ba, de data aceasta \u00een frumoasa regiune Provence, pentru o serie de demonstra\u021bii de protec\u021bie \u00eempotriva [&hellip;]","_links":{"self":[{"href":"https:\/\/nofloods.com\/ro\/wp-json\/wp\/v2\/posts\/18006","targetHints":{"allow":["GET"]}}],"collection":[{"href":"https:\/\/nofloods.com\/ro\/wp-json\/wp\/v2\/posts"}],"about":[{"href":"https:\/\/nofloods.com\/ro\/wp-json\/wp\/v2\/types\/post"}],"author":[{"embeddable":true,"href":"https:\/\/nofloods.com\/ro\/wp-json\/wp\/v2\/users\/1"}],"replies":[{"embeddable":true,"href":"https:\/\/nofloods.com\/ro\/wp-json\/wp\/v2\/comments?post=18006"}],"version-history":[{"count":3,"href":"https:\/\/nofloods.com\/ro\/wp-json\/wp\/v2\/posts\/18006\/revisions"}],"predecessor-version":[{"id":21210,"href":"https:\/\/nofloods.com\/ro\/wp-json\/wp\/v2\/posts\/18006\/revisions\/21210"}],"wp:featuredmedia":[{"embeddable":true,"href":"https:\/\/nofloods.com\/ro\/wp-json\/wp\/v2\/media\/18007"}],"wp:attachment":[{"href":"https:\/\/nofloods.com\/ro\/wp-json\/wp\/v2\/media?parent=18006"}],"wp:term":[{"taxonomy":"category","embeddable":true,"href":"https:\/\/nofloods.com\/ro\/wp-json\/wp\/v2\/categories?post=18006"},{"taxonomy":"post_tag","embeddable":true,"href":"https:\/\/nofloods.com\/ro\/wp-json\/wp\/v2\/tags?post=18006"}],"curies":[{"name":"wp","href":"https:\/\/api.w.org\/{rel}","templated":true}]}}