{"id":41440,"date":"2024-11-26T00:00:00","date_gmt":"2024-11-26T00:00:00","guid":{"rendered":"https:\/\/nofloods.com\/protipoplavne-pregrade-bryggen-2\/"},"modified":"2026-09-03T11:21:12","modified_gmt":"2026-09-03T11:21:12","slug":"protipoplavne-pregrade-bryggen-2","status":"publish","type":"post","link":"https:\/\/nofloods.com\/sl\/protipoplavne-pregrade-bryggen-2\/","title":{"rendered":"Protipoplavne pregrade \u0161\u010ditijo obmo\u010dje Bryggen, uvr\u0161\u010deno na seznam Unesca, pred poplavami"},"content":{"rendered":"\n<p class=\"wp-block-paragraph\">Novembra 2024 je Bryggen, zgodovinska obalna \u010detrt v Bergnu na Norve\u0161kem, zaradi izrednih vremenskih razmer grozila poplava.  <\/p>\n\n<p class=\"wp-block-paragraph\">Mo\u010dni vetrovi, mo\u010dno sne\u017eenje in hitro nara\u0161\u010dajo\u010de ravni vode so ogro\u017eali to obmo\u010dje, vpisano na seznam svetovne dedi\u0161\u010dine UNESCO.  <\/p>\n\n<p class=\"wp-block-paragraph\">Gasilska brigada v Bergnu je hitro ukrepala, da bi obmo\u010dje zavarovala, in namestila na\u0161e sodobne, z vodo napolnjene protipoplavne pregrade.  <\/p>\n\n<p class=\"wp-block-paragraph\">Prosimo, nadaljujte z branjem, da boste izvedeli, kako so bile na\u0161e inovativne pregrade NoFloods uporabljene za za\u0161\u010dito Bryggena pred poplavami.<\/p>\n\n<h3 class=\"wp-block-heading\"><strong>Izziv: Bryggen, kraj, vpisan na seznam svetovne dedi\u0161\u010dine UNESCO, je bil ogro\u017een zaradi poplav<\/strong><\/h3>\n\n<p class=\"wp-block-paragraph\">Edinstvena lega Bryggna ob obali v kombinaciji z mo\u010dnimi vetrovi je pove\u010dala njegovo izpostavljenost poplavam.<\/p>\n\n<p class=\"wp-block-paragraph\">Predvidevalo se je, da se bo vodostaj dvigoval za 5 cm na vsakih 10 minut, vrhunec pa naj bi nastopil pozno v petek zve\u010der, kar je povzro\u010dilo nujno in resno nevarnost znatne poplavne \u0161kode.<\/p>\n\n<p class=\"wp-block-paragraph\">Tradicionalne metode za\u0161\u010dite pred poplavami, kot so vre\u010de s peskom, bi bile delovno intenzivne, njihova namestitev bi bila po\u010dasna, v napovedanih razmerah pa bi bile manj u\u010dinkovite.  <\/p>\n\n<p class=\"wp-block-paragraph\">Izziv ni bil le v za\u0161\u010diti obmo\u010dja, ampak tudi v tem, da se to opravi hitro, u\u010dinkovito in smotrno, ne da bi pri tem pri\u0161lo do dalj\u0161ih motenj v lokalnem prometu in za prebivalce.<\/p>\n\n<h3 class=\"wp-block-heading\"><strong>Re\u0161itev: z vodo napolnjene protipoplavne pregrade NoFloods<\/strong><\/h3>\n\n<p class=\"wp-block-paragraph\">Da bi se spopadli s tem izzivom, je gasilska brigada v Bergnu uporabila sodobno in inovativno re\u0161itev \u2013 z vodo napolnjene protipoplavne pregrade NoFloods.<\/p>\n\n<p class=\"wp-block-paragraph\">Pregrade, izdelane iz velikih, izjemno trpe\u017enih cevi, ki jih je mogo\u010de hitro postaviti in napolniti z vodo, so bile postavljene vzdol\u017e 200-metrskega odseka v Bryggenu.<\/p>\n\n<p class=\"wp-block-paragraph\">Namestila jih je ekipa gasilcev, ki je iz gasilskega vozila razvila dve veliki cevi NoFloods PRO.  <\/p>\n\n<p class=\"wp-block-paragraph\">Ko so bile cevi name\u0161\u010dene, so jih napolnili z vodo, s \u010dimer so ustvarili te\u017eko in stabilno pregrado, ki je lahko zdr\u017eala nara\u0161\u010dajo\u010di plim in mo\u010dne vetrove.<\/p>\n\n<p class=\"wp-block-paragraph\">Kent Haukeland, vodja slu\u017ebe za izredne razmere, je v intervjuju z novinarji norve\u0161kega \u010dasopisa \u00bbBergens Tidende\u00ab ta postopek opisal takole:<\/p>\n\n<blockquote class=\"wp-block-quote is-layout-flow wp-block-quote-is-layout-flow\">\n<p class=\"wp-block-paragraph\">\u00bbPregrade so tako te\u017eke, da jih ne morejo premakniti niti valovi niti veter. S to opremo smo doslej vadili le enkrat, zato smo zelo radovedni, kako se bo obnesla. Odli\u010dno je, da lahko za\u0161\u010ditimo na\u0161e obmo\u010dje svetovne dedi\u0161\u010dine.\u00ab<\/p>\n<\/blockquote>\n\n<p class=\"wp-block-paragraph\">Napolnjevanje cevi z vodo je trajalo ve\u010d ur, vendar je gasilska enota delovala u\u010dinkovito in poskrbela, da so bile vodne pregrade postavljene, \u0161e preden je vodostaj dosegel najvi\u0161jo to\u010dko.<\/p>\n\n<p class=\"wp-block-paragraph\">Spodnji diaporama prikazuje pregrade NoFloods v delovanju na razli\u010dnih lokacijah \u2013 postopek namestitve je bil podoben tudi v Bryggenu.<\/p>\n\n<figure class=\"wp-block-gallery has-nested-images columns-default is-cropped wp-block-gallery-2 is-layout-flex wp-block-gallery-is-layout-flex\">\n<figure class=\"wp-block-image size-large\"><img fetchpriority=\"high\" decoding=\"async\" width=\"1024\" height=\"689\" data-id=\"11877\" src=\"https:\/\/nofloods.com\/wp-content\/uploads\/2024\/11\/Deployed-NoFloods-barriers-1024x689.jpg\" alt=\"\" class=\"wp-image-11877\" srcset=\"https:\/\/nofloods.com\/wp-content\/uploads\/2024\/11\/Deployed-NoFloods-barriers-1024x689.jpg 1024w, https:\/\/nofloods.com\/wp-content\/uploads\/2024\/11\/Deployed-NoFloods-barriers-300x202.jpg 300w, https:\/\/nofloods.com\/wp-content\/uploads\/2024\/11\/Deployed-NoFloods-barriers-768x517.jpg 768w, https:\/\/nofloods.com\/wp-content\/uploads\/2024\/11\/Deployed-NoFloods-barriers.jpg 1199w\" sizes=\"(max-width: 1024px) 100vw, 1024px\" \/><\/figure>\n\n\n\n<figure class=\"wp-block-image size-large\"><img decoding=\"async\" width=\"1024\" height=\"569\" data-id=\"11878\" src=\"https:\/\/nofloods.com\/wp-content\/uploads\/2024\/11\/Water-filled-flood-barriers-1-1024x569.jpg\" alt=\"\" class=\"wp-image-11878\" srcset=\"https:\/\/nofloods.com\/wp-content\/uploads\/2024\/11\/Water-filled-flood-barriers-1-1024x569.jpg 1024w, https:\/\/nofloods.com\/wp-content\/uploads\/2024\/11\/Water-filled-flood-barriers-1-300x167.jpg 300w, https:\/\/nofloods.com\/wp-content\/uploads\/2024\/11\/Water-filled-flood-barriers-1-768x427.jpg 768w, https:\/\/nofloods.com\/wp-content\/uploads\/2024\/11\/Water-filled-flood-barriers-1.jpg 1200w\" sizes=\"(max-width: 1024px) 100vw, 1024px\" \/><\/figure>\n<\/figure>\n\n<h3 class=\"wp-block-heading\"><strong>Rezultat uporabe protipoplavnih pregrad<\/strong><\/h3>\n\n<p class=\"wp-block-paragraph\">Z vodo napolnjene ovire so se izkazale za zelo u\u010dinkovite.  <\/p>\n\n<p class=\"wp-block-paragraph\">Kljub izjemnim vremenskim razmeram in hitro nara\u0161\u010dajo\u010di vi\u0161ini vode je bilo <a href=\"https:\/\/whc.unesco.org\/en\/list\/59\/\">naselje Bryggen<\/a> uspe\u0161no za\u0161\u010diteno pred poplavami.  <\/p>\n\n<p class=\"wp-block-paragraph\">Pregrade so ostale stabilne skozi vso no\u010d, kar je zagotovilo, da na svetovni zgodovinski spomenik ni pri\u0161lo do nobene \u0161kode.<\/p>\n\n<p class=\"wp-block-paragraph\">\u010ceprav je namestitev povzro\u010dila manj\u0161e motnje v prometu, saj je bil en pas ceste v Bryggenu zaprt \u010dez vikend, je hitra in u\u010dinkovita namestitev pregrad NoFloods zmanj\u0161ala vpliv na prebivalce in podjetja.  <\/p>\n\n<p class=\"wp-block-paragraph\">Nina Heggernes Gjervik, prometna dispe\u010derka pri Norve\u0161ki upravi za javne ceste, je novinarjem \u010dasopisa \u00bbBergens Tidende\u00ab povedala, da:<\/p>\n\n<p class=\"wp-block-paragraph\">  \u00bbVerjetno bo pri\u0161lo do prometnih zastojev, zato se je treba pripraviti na \u010dakalne vrste. Priporo\u010damo uporabo predora Fl\u00f8yfjell, razen \u010de se ne odpravljate neposredno v sredi\u0161\u010de mesta.\u00ab<\/p>\n\n<p class=\"wp-block-paragraph\">Kljub prometnim te\u017eavam je operacija pokazala potencial inovativnih re\u0161itev za obvladovanje nujnih poplavnih situacij, ne le v Bryggenu, temve\u010d po vsej Norve\u0161ki.<\/p>\n\n<h3 class=\"wp-block-heading\"><strong>Zaklju\u010dek<\/strong><\/h3>\n\n<p class=\"wp-block-paragraph\">Nedavna namestitev v Bryggenu ka\u017ee, kako pomembno vlogo imajo sodobne tehnologije za za\u0161\u010dito pred poplavami pri varovanju zgodovinsko pomembnih lokacij pred uni\u010dujo\u010dimi posledicami poplav.  <\/p>\n\n<p class=\"wp-block-paragraph\">Hiter odziv gasilske brigade v Bergnu, skupaj z uspe\u0161no namestitvijo z vodo napolnjenih pregrad NoFloods, ni le za\u0161\u010ditil tega obmo\u010dja, vpisanega na seznam svetovne dedi\u0161\u010dine UNESCO, temve\u010d je tudi pokazal prakti\u010dno in u\u010dinkovito alternativo tradicionalnim metodam za\u0161\u010dite pred poplavami, kot so vre\u010de s peskom.  <\/p>\n\n<p class=\"wp-block-paragraph\">Ker podnebne spremembe pove\u010dujejo pogostost in intenzivnost ekstremnih vremenskih pojavov, so inovativne re\u0161itve za za\u0161\u010dito pred poplavami, kot so te pregrade, klju\u010dnega pomena za za\u0161\u010dito ogro\u017eenih obmo\u010dij po vsem svetu.<\/p>\n\n<p class=\"wp-block-paragraph\">Ta operacija poudarja pomen timskega dela in inovativnosti pri obvladovanju kriz ter dokazuje, da lahko dobro na\u010drtovane strategije bistveno vplivajo na izid.  <\/p>\n\n<p class=\"wp-block-paragraph\">Za\u0161\u010dita obmo\u010dja Bryggen je odli\u010den primer tega, kako lahko sodobne re\u0161itve za za\u0161\u010dito pred poplavami ohranjajo zgodovino in hkrati re\u0161ujejo sodobne izzive.  <\/p>\n\n<p class=\"wp-block-paragraph\">Haukeland je svoj intervju z novinarji povzel takole:  <\/p>\n\n<blockquote class=\"wp-block-quote is-layout-flow wp-block-quote-is-layout-flow\">\n<p class=\"wp-block-paragraph\">&#8220;Odli\u010dno je, da lahko varujemo na\u0161o dedi\u0161\u010dino in hkrati preizku\u0161amo novo opremo v realnih razmerah.&#8221;<\/p>\n<\/blockquote>\n\n<p class=\"wp-block-paragraph\">Z uvedbo in vlaganjem v napredne re\u0161itve, kot so na\u0161e protipoplavne pregrade, lahko okrepimo odpornost na\u0161ih skupnosti na naravne nesre\u010de in zagotovimo, da bodo na\u0161i dragoceni kraji ostali varni tudi za prihodnje generacije.<\/p>\n\n<p class=\"wp-block-paragraph\"><strong>P.S.:<\/strong> Ta zgodba je bila objavljena v norve\u0161kem \u010dasopisu Bergens Tidende, in sicer <a href=\"https:\/\/www.bt.no\/vaer\/i\/o31jQR\/brannvesenet-setter-opp-flombarriere-paa-bryggen\">tukaj.<\/a><\/p>\n","protected":false},"excerpt":{"rendered":"<p>Novembra 2024 je Bryggen, zgodovinska obalna \u010detrt v Bergnu na Norve\u0161kem, zaradi izrednih vremenskih razmer grozila poplava. Mo\u010dni vetrovi, mo\u010dno [&hellip;]<\/p>\n","protected":false},"author":1,"featured_media":41443,"comment_status":"open","ping_status":"open","sticky":false,"template":"","format":"standard","meta":{"_acf_changed":false,"site-sidebar-layout":"default","site-content-layout":"","ast-site-content-layout":"default","site-content-style":"default","site-sidebar-style":"default","ast-global-header-display":"","ast-banner-title-visibility":"","ast-main-header-display":"","ast-hfb-above-header-display":"","ast-hfb-below-header-display":"","ast-hfb-mobile-header-display":"","site-post-title":"","ast-breadcrumbs-content":"","ast-featured-img":"","footer-sml-layout":"","ast-disable-related-posts":"","theme-transparent-header-meta":"","adv-header-id-meta":"","stick-header-meta":"","header-above-stick-meta":"","header-main-stick-meta":"","header-below-stick-meta":"","astra-migrate-meta-layouts":"default","ast-page-background-enabled":"default","ast-page-background-meta":{"desktop":{"background-color":"","background-image":"","background-repeat":"repeat","background-position":"center center","background-size":"auto","background-attachment":"scroll","background-type":"","background-media":"","overlay-type":"","overlay-color":"","overlay-opacity":"","overlay-gradient":""},"tablet":{"background-color":"","background-image":"","background-repeat":"repeat","background-position":"center center","background-size":"auto","background-attachment":"scroll","background-type":"","background-media":"","overlay-type":"","overlay-color":"","overlay-opacity":"","overlay-gradient":""},"mobile":{"background-color":"","background-image":"","background-repeat":"repeat","background-position":"center center","background-size":"auto","background-attachment":"scroll","background-type":"","background-media":"","overlay-type":"","overlay-color":"","overlay-opacity":"","overlay-gradient":""}},"ast-content-background-meta":{"desktop":{"background-color":"var(--ast-global-color-5)","background-image":"","background-repeat":"repeat","background-position":"center center","background-size":"auto","background-attachment":"scroll","background-type":"","background-media":"","overlay-type":"","overlay-color":"","overlay-opacity":"","overlay-gradient":""},"tablet":{"background-color":"var(--ast-global-color-5)","background-image":"","background-repeat":"repeat","background-position":"center center","background-size":"auto","background-attachment":"scroll","background-type":"","background-media":"","overlay-type":"","overlay-color":"","overlay-opacity":"","overlay-gradient":""},"mobile":{"background-color":"var(--ast-global-color-5)","background-image":"","background-repeat":"repeat","background-position":"center center","background-size":"auto","background-attachment":"scroll","background-type":"","background-media":"","overlay-type":"","overlay-color":"","overlay-opacity":"","overlay-gradient":""}},"footnotes":""},"categories":[2856],"tags":[2857,2826],"class_list":["post-41440","post","type-post","status-publish","format-standard","has-post-thumbnail","hentry","category-primeri-iz-prakse-projekta-nofloods","tag-norveska","tag-pregrade-nofloods"],"acf":[],"yoast_head":"<!-- This site is optimized with the Yoast SEO plugin v28.4 - https:\/\/yoast.com\/product\/yoast-seo-wordpress\/ -->\n<title>Protipoplavne pregrade \u0161\u010ditijo obmo\u010dje Bryggen, uvr\u0161\u010deno na seznam Unesca, pred poplavami - NoFloods<\/title>\n<meta name=\"robots\" content=\"index, follow, max-snippet:-1, max-image-preview:large, max-video-preview:-1\" \/>\n<link rel=\"canonical\" href=\"https:\/\/nofloods.com\/sl\/protipoplavne-pregrade-bryggen-2\/\" \/>\n<meta property=\"og:locale\" content=\"sl_SI\" \/>\n<meta property=\"og:type\" content=\"article\" \/>\n<meta property=\"og:title\" content=\"Protipoplavne pregrade \u0161\u010ditijo obmo\u010dje Bryggen, uvr\u0161\u010deno na seznam Unesca, pred poplavami - NoFloods\" \/>\n<meta property=\"og:description\" content=\"Novembra 2024 je Bryggen, zgodovinska obalna \u010detrt v Bergnu na Norve\u0161kem, zaradi izrednih vremenskih razmer grozila poplava. Mo\u010dni vetrovi, mo\u010dno [&hellip;]\" \/>\n<meta property=\"og:url\" content=\"https:\/\/nofloods.com\/sl\/protipoplavne-pregrade-bryggen-2\/\" \/>\n<meta property=\"og:site_name\" content=\"NoFloods\" \/>\n<meta property=\"article:publisher\" content=\"https:\/\/www.facebook.com\/environmentsolutions\/\" \/>\n<meta property=\"article:published_time\" content=\"2024-11-26T00:00:00+00:00\" \/>\n<meta property=\"article:modified_time\" content=\"2026-09-03T11:21:12+00:00\" \/>\n<meta property=\"og:image\" content=\"https:\/\/nofloods.com\/wp-content\/uploads\/2025\/08\/Bryggen-UNESCO-Site-1140x445-1.jpg?wsr\" \/>\n\t<meta property=\"og:image:width\" content=\"1140\" \/>\n\t<meta property=\"og:image:height\" content=\"445\" \/>\n\t<meta property=\"og:image:type\" content=\"image\/jpeg\" \/>\n<meta name=\"author\" content=\"nofloods_admin\" \/>\n<meta name=\"twitter:card\" content=\"summary_large_image\" \/>\n<meta name=\"twitter:creator\" content=\"@NoFloodsBarrier\" \/>\n<meta name=\"twitter:site\" content=\"@NoFloodsBarrier\" \/>\n<meta name=\"twitter:label1\" content=\"Written by\" \/>\n\t<meta name=\"twitter:data1\" content=\"nofloods_admin\" \/>\n\t<meta name=\"twitter:label2\" content=\"Est. reading time\" \/>\n\t<meta name=\"twitter:data2\" content=\"4 minute\" \/>\n<script type=\"application\/ld+json\" class=\"yoast-schema-graph\">{\"@context\":\"https:\\\/\\\/schema.org\",\"@graph\":[{\"@type\":\"Article\",\"@id\":\"https:\\\/\\\/nofloods.com\\\/sl\\\/protipoplavne-pregrade-bryggen-2\\\/#article\",\"isPartOf\":{\"@id\":\"https:\\\/\\\/nofloods.com\\\/sl\\\/protipoplavne-pregrade-bryggen-2\\\/\"},\"author\":{\"name\":\"nofloods_admin\",\"@id\":\"https:\\\/\\\/nofloods.com\\\/sl\\\/#\\\/schema\\\/person\\\/85a2e4c29aa7ed754652ba9ec793011b\"},\"headline\":\"Protipoplavne pregrade \u0161\u010ditijo obmo\u010dje Bryggen, uvr\u0161\u010deno na seznam Unesca, pred poplavami\",\"datePublished\":\"2024-11-26T00:00:00+00:00\",\"dateModified\":\"2026-09-03T11:21:12+00:00\",\"mainEntityOfPage\":{\"@id\":\"https:\\\/\\\/nofloods.com\\\/sl\\\/protipoplavne-pregrade-bryggen-2\\\/\"},\"wordCount\":884,\"commentCount\":0,\"publisher\":{\"@id\":\"https:\\\/\\\/nofloods.com\\\/sl\\\/#organization\"},\"image\":{\"@id\":\"https:\\\/\\\/nofloods.com\\\/sl\\\/protipoplavne-pregrade-bryggen-2\\\/#primaryimage\"},\"thumbnailUrl\":\"https:\\\/\\\/nofloods.com\\\/wp-content\\\/uploads\\\/2025\\\/08\\\/Bryggen-UNESCO-Site-1140x445-1.jpg?wsr\",\"keywords\":[\"Norve\u0161ka\",\"Pregrade NoFloods\"],\"articleSection\":[\"Primeri iz prakse projekta NoFloods\"],\"inLanguage\":\"sl-SI\",\"potentialAction\":[{\"@type\":\"CommentAction\",\"name\":\"Comment\",\"target\":[\"https:\\\/\\\/nofloods.com\\\/sl\\\/protipoplavne-pregrade-bryggen-2\\\/#respond\"]}]},{\"@type\":\"WebPage\",\"@id\":\"https:\\\/\\\/nofloods.com\\\/sl\\\/protipoplavne-pregrade-bryggen-2\\\/\",\"url\":\"https:\\\/\\\/nofloods.com\\\/sl\\\/protipoplavne-pregrade-bryggen-2\\\/\",\"name\":\"Protipoplavne pregrade \u0161\u010ditijo obmo\u010dje Bryggen, uvr\u0161\u010deno na seznam Unesca, pred poplavami - NoFloods\",\"isPartOf\":{\"@id\":\"https:\\\/\\\/nofloods.com\\\/sl\\\/#website\"},\"primaryImageOfPage\":{\"@id\":\"https:\\\/\\\/nofloods.com\\\/sl\\\/protipoplavne-pregrade-bryggen-2\\\/#primaryimage\"},\"image\":{\"@id\":\"https:\\\/\\\/nofloods.com\\\/sl\\\/protipoplavne-pregrade-bryggen-2\\\/#primaryimage\"},\"thumbnailUrl\":\"https:\\\/\\\/nofloods.com\\\/wp-content\\\/uploads\\\/2025\\\/08\\\/Bryggen-UNESCO-Site-1140x445-1.jpg?wsr\",\"datePublished\":\"2024-11-26T00:00:00+00:00\",\"dateModified\":\"2026-09-03T11:21:12+00:00\",\"breadcrumb\":{\"@id\":\"https:\\\/\\\/nofloods.com\\\/sl\\\/protipoplavne-pregrade-bryggen-2\\\/#breadcrumb\"},\"inLanguage\":\"sl-SI\",\"potentialAction\":[{\"@type\":\"ReadAction\",\"target\":[\"https:\\\/\\\/nofloods.com\\\/sl\\\/protipoplavne-pregrade-bryggen-2\\\/\"]}]},{\"@type\":\"ImageObject\",\"inLanguage\":\"sl-SI\",\"@id\":\"https:\\\/\\\/nofloods.com\\\/sl\\\/protipoplavne-pregrade-bryggen-2\\\/#primaryimage\",\"url\":\"https:\\\/\\\/nofloods.com\\\/wp-content\\\/uploads\\\/2025\\\/08\\\/Bryggen-UNESCO-Site-1140x445-1.jpg?wsr\",\"contentUrl\":\"https:\\\/\\\/nofloods.com\\\/wp-content\\\/uploads\\\/2025\\\/08\\\/Bryggen-UNESCO-Site-1140x445-1.jpg?wsr\",\"width\":1140,\"height\":445,\"caption\":\"Bryggen \u2013 lokacija UNESCO \u2013 1140\u00d7445\"},{\"@type\":\"BreadcrumbList\",\"@id\":\"https:\\\/\\\/nofloods.com\\\/sl\\\/protipoplavne-pregrade-bryggen-2\\\/#breadcrumb\",\"itemListElement\":[{\"@type\":\"ListItem\",\"position\":1,\"name\":\"Home\",\"item\":\"https:\\\/\\\/nofloods.com\\\/sl\\\/domov\\\/\"},{\"@type\":\"ListItem\",\"position\":2,\"name\":\"Protipoplavne pregrade \u0161\u010ditijo obmo\u010dje Bryggen, uvr\u0161\u010deno na seznam Unesca, pred poplavami\"}]},{\"@type\":\"WebSite\",\"@id\":\"https:\\\/\\\/nofloods.com\\\/sl\\\/#website\",\"url\":\"https:\\\/\\\/nofloods.com\\\/sl\\\/\",\"name\":\"NoFloods\",\"description\":\"By Environment Solutions\",\"publisher\":{\"@id\":\"https:\\\/\\\/nofloods.com\\\/sl\\\/#organization\"},\"potentialAction\":[{\"@type\":\"SearchAction\",\"target\":{\"@type\":\"EntryPoint\",\"urlTemplate\":\"https:\\\/\\\/nofloods.com\\\/sl\\\/?s={search_term_string}\"},\"query-input\":{\"@type\":\"PropertyValueSpecification\",\"valueRequired\":true,\"valueName\":\"search_term_string\"}}],\"inLanguage\":\"sl-SI\"},{\"@type\":\"Organization\",\"@id\":\"https:\\\/\\\/nofloods.com\\\/sl\\\/#organization\",\"name\":\"NoFloods\",\"url\":\"https:\\\/\\\/nofloods.com\\\/sl\\\/\",\"logo\":{\"@type\":\"ImageObject\",\"inLanguage\":\"sl-SI\",\"@id\":\"https:\\\/\\\/nofloods.com\\\/sl\\\/#\\\/schema\\\/logo\\\/image\\\/\",\"url\":\"https:\\\/\\\/nofloods.com\\\/wp-content\\\/uploads\\\/2025\\\/05\\\/NoFloods-EasyWall-Logo.webp?wsr\",\"contentUrl\":\"https:\\\/\\\/nofloods.com\\\/wp-content\\\/uploads\\\/2025\\\/05\\\/NoFloods-EasyWall-Logo.webp?wsr\",\"width\":340,\"height\":70,\"caption\":\"NoFloods\"},\"image\":{\"@id\":\"https:\\\/\\\/nofloods.com\\\/sl\\\/#\\\/schema\\\/logo\\\/image\\\/\"},\"sameAs\":[\"https:\\\/\\\/www.facebook.com\\\/environmentsolutions\\\/\",\"https:\\\/\\\/x.com\\\/NoFloodsBarrier\",\"https:\\\/\\\/www.linkedin.com\\\/company\\\/environment-solutions-aps\"]},{\"@type\":\"Person\",\"@id\":\"https:\\\/\\\/nofloods.com\\\/sl\\\/#\\\/schema\\\/person\\\/85a2e4c29aa7ed754652ba9ec793011b\",\"name\":\"nofloods_admin\",\"image\":{\"@type\":\"ImageObject\",\"inLanguage\":\"sl-SI\",\"@id\":\"https:\\\/\\\/nofloods.com\\\/wp-content\\\/litespeed\\\/avatar\\\/8c9e496d7046d9821f6ebd457a636af7.jpg?ver=1788549018\",\"url\":\"https:\\\/\\\/nofloods.com\\\/wp-content\\\/litespeed\\\/avatar\\\/8c9e496d7046d9821f6ebd457a636af7.jpg?ver=1788549018\",\"contentUrl\":\"https:\\\/\\\/nofloods.com\\\/wp-content\\\/litespeed\\\/avatar\\\/8c9e496d7046d9821f6ebd457a636af7.jpg?ver=1788549018\",\"caption\":\"nofloods_admin\"},\"sameAs\":[\"https:\\\/\\\/flood-protection.org\"],\"url\":\"https:\\\/\\\/nofloods.com\\\/sl\\\/author\\\/nofloods_admin\\\/\"}]}<\/script>\n<!-- \/ Yoast SEO plugin. -->","yoast_head_json":{"title":"Protipoplavne pregrade \u0161\u010ditijo obmo\u010dje Bryggen, uvr\u0161\u010deno na seznam Unesca, pred poplavami - NoFloods","robots":{"index":"index","follow":"follow","max-snippet":"max-snippet:-1","max-image-preview":"max-image-preview:large","max-video-preview":"max-video-preview:-1"},"canonical":"https:\/\/nofloods.com\/sl\/protipoplavne-pregrade-bryggen-2\/","og_locale":"sl_SI","og_type":"article","og_title":"Protipoplavne pregrade \u0161\u010ditijo obmo\u010dje Bryggen, uvr\u0161\u010deno na seznam Unesca, pred poplavami - NoFloods","og_description":"Novembra 2024 je Bryggen, zgodovinska obalna \u010detrt v Bergnu na Norve\u0161kem, zaradi izrednih vremenskih razmer grozila poplava. Mo\u010dni vetrovi, mo\u010dno [&hellip;]","og_url":"https:\/\/nofloods.com\/sl\/protipoplavne-pregrade-bryggen-2\/","og_site_name":"NoFloods","article_publisher":"https:\/\/www.facebook.com\/environmentsolutions\/","article_published_time":"2024-11-26T00:00:00+00:00","article_modified_time":"2026-09-03T11:21:12+00:00","og_image":[{"width":1140,"height":445,"url":"https:\/\/nofloods.com\/wp-content\/uploads\/2025\/08\/Bryggen-UNESCO-Site-1140x445-1.jpg?wsr","type":"image\/jpeg"}],"author":"nofloods_admin","twitter_card":"summary_large_image","twitter_creator":"@NoFloodsBarrier","twitter_site":"@NoFloodsBarrier","twitter_misc":{"Written by":"nofloods_admin","Est. reading time":"4 minute"},"schema":{"@context":"https:\/\/schema.org","@graph":[{"@type":"Article","@id":"https:\/\/nofloods.com\/sl\/protipoplavne-pregrade-bryggen-2\/#article","isPartOf":{"@id":"https:\/\/nofloods.com\/sl\/protipoplavne-pregrade-bryggen-2\/"},"author":{"name":"nofloods_admin","@id":"https:\/\/nofloods.com\/sl\/#\/schema\/person\/85a2e4c29aa7ed754652ba9ec793011b"},"headline":"Protipoplavne pregrade \u0161\u010ditijo obmo\u010dje Bryggen, uvr\u0161\u010deno na seznam Unesca, pred poplavami","datePublished":"2024-11-26T00:00:00+00:00","dateModified":"2026-09-03T11:21:12+00:00","mainEntityOfPage":{"@id":"https:\/\/nofloods.com\/sl\/protipoplavne-pregrade-bryggen-2\/"},"wordCount":884,"commentCount":0,"publisher":{"@id":"https:\/\/nofloods.com\/sl\/#organization"},"image":{"@id":"https:\/\/nofloods.com\/sl\/protipoplavne-pregrade-bryggen-2\/#primaryimage"},"thumbnailUrl":"https:\/\/nofloods.com\/wp-content\/uploads\/2025\/08\/Bryggen-UNESCO-Site-1140x445-1.jpg?wsr","keywords":["Norve\u0161ka","Pregrade NoFloods"],"articleSection":["Primeri iz prakse projekta NoFloods"],"inLanguage":"sl-SI","potentialAction":[{"@type":"CommentAction","name":"Comment","target":["https:\/\/nofloods.com\/sl\/protipoplavne-pregrade-bryggen-2\/#respond"]}]},{"@type":"WebPage","@id":"https:\/\/nofloods.com\/sl\/protipoplavne-pregrade-bryggen-2\/","url":"https:\/\/nofloods.com\/sl\/protipoplavne-pregrade-bryggen-2\/","name":"Protipoplavne pregrade \u0161\u010ditijo obmo\u010dje Bryggen, uvr\u0161\u010deno na seznam Unesca, pred poplavami - NoFloods","isPartOf":{"@id":"https:\/\/nofloods.com\/sl\/#website"},"primaryImageOfPage":{"@id":"https:\/\/nofloods.com\/sl\/protipoplavne-pregrade-bryggen-2\/#primaryimage"},"image":{"@id":"https:\/\/nofloods.com\/sl\/protipoplavne-pregrade-bryggen-2\/#primaryimage"},"thumbnailUrl":"https:\/\/nofloods.com\/wp-content\/uploads\/2025\/08\/Bryggen-UNESCO-Site-1140x445-1.jpg?wsr","datePublished":"2024-11-26T00:00:00+00:00","dateModified":"2026-09-03T11:21:12+00:00","breadcrumb":{"@id":"https:\/\/nofloods.com\/sl\/protipoplavne-pregrade-bryggen-2\/#breadcrumb"},"inLanguage":"sl-SI","potentialAction":[{"@type":"ReadAction","target":["https:\/\/nofloods.com\/sl\/protipoplavne-pregrade-bryggen-2\/"]}]},{"@type":"ImageObject","inLanguage":"sl-SI","@id":"https:\/\/nofloods.com\/sl\/protipoplavne-pregrade-bryggen-2\/#primaryimage","url":"https:\/\/nofloods.com\/wp-content\/uploads\/2025\/08\/Bryggen-UNESCO-Site-1140x445-1.jpg?wsr","contentUrl":"https:\/\/nofloods.com\/wp-content\/uploads\/2025\/08\/Bryggen-UNESCO-Site-1140x445-1.jpg?wsr","width":1140,"height":445,"caption":"Bryggen \u2013 lokacija UNESCO \u2013 1140\u00d7445"},{"@type":"BreadcrumbList","@id":"https:\/\/nofloods.com\/sl\/protipoplavne-pregrade-bryggen-2\/#breadcrumb","itemListElement":[{"@type":"ListItem","position":1,"name":"Home","item":"https:\/\/nofloods.com\/sl\/domov\/"},{"@type":"ListItem","position":2,"name":"Protipoplavne pregrade \u0161\u010ditijo obmo\u010dje Bryggen, uvr\u0161\u010deno na seznam Unesca, pred poplavami"}]},{"@type":"WebSite","@id":"https:\/\/nofloods.com\/sl\/#website","url":"https:\/\/nofloods.com\/sl\/","name":"NoFloods","description":"By Environment Solutions","publisher":{"@id":"https:\/\/nofloods.com\/sl\/#organization"},"potentialAction":[{"@type":"SearchAction","target":{"@type":"EntryPoint","urlTemplate":"https:\/\/nofloods.com\/sl\/?s={search_term_string}"},"query-input":{"@type":"PropertyValueSpecification","valueRequired":true,"valueName":"search_term_string"}}],"inLanguage":"sl-SI"},{"@type":"Organization","@id":"https:\/\/nofloods.com\/sl\/#organization","name":"NoFloods","url":"https:\/\/nofloods.com\/sl\/","logo":{"@type":"ImageObject","inLanguage":"sl-SI","@id":"https:\/\/nofloods.com\/sl\/#\/schema\/logo\/image\/","url":"https:\/\/nofloods.com\/wp-content\/uploads\/2025\/05\/NoFloods-EasyWall-Logo.webp?wsr","contentUrl":"https:\/\/nofloods.com\/wp-content\/uploads\/2025\/05\/NoFloods-EasyWall-Logo.webp?wsr","width":340,"height":70,"caption":"NoFloods"},"image":{"@id":"https:\/\/nofloods.com\/sl\/#\/schema\/logo\/image\/"},"sameAs":["https:\/\/www.facebook.com\/environmentsolutions\/","https:\/\/x.com\/NoFloodsBarrier","https:\/\/www.linkedin.com\/company\/environment-solutions-aps"]},{"@type":"Person","@id":"https:\/\/nofloods.com\/sl\/#\/schema\/person\/85a2e4c29aa7ed754652ba9ec793011b","name":"nofloods_admin","image":{"@type":"ImageObject","inLanguage":"sl-SI","@id":"https:\/\/nofloods.com\/wp-content\/litespeed\/avatar\/8c9e496d7046d9821f6ebd457a636af7.jpg?ver=1788549018","url":"https:\/\/nofloods.com\/wp-content\/litespeed\/avatar\/8c9e496d7046d9821f6ebd457a636af7.jpg?ver=1788549018","contentUrl":"https:\/\/nofloods.com\/wp-content\/litespeed\/avatar\/8c9e496d7046d9821f6ebd457a636af7.jpg?ver=1788549018","caption":"nofloods_admin"},"sameAs":["https:\/\/flood-protection.org"],"url":"https:\/\/nofloods.com\/sl\/author\/nofloods_admin\/"}]}},"rttpg_featured_image_url":{"full":["https:\/\/nofloods.com\/wp-content\/uploads\/2025\/08\/Bryggen-UNESCO-Site-1140x445-1.jpg?wsr",1140,445,false],"landscape":["https:\/\/nofloods.com\/wp-content\/uploads\/2025\/08\/Bryggen-UNESCO-Site-1140x445-1.jpg?wsr",1140,445,false],"portraits":["https:\/\/nofloods.com\/wp-content\/uploads\/2025\/08\/Bryggen-UNESCO-Site-1140x445-1.jpg?wsr",1140,445,false],"thumbnail":["https:\/\/nofloods.com\/wp-content\/uploads\/2025\/08\/Bryggen-UNESCO-Site-1140x445-1-150x150.jpg?wsr",150,150,true],"medium":["https:\/\/nofloods.com\/wp-content\/uploads\/2025\/08\/Bryggen-UNESCO-Site-1140x445-1-300x117.jpg?wsr",300,117,true],"large":["https:\/\/nofloods.com\/wp-content\/uploads\/2025\/08\/Bryggen-UNESCO-Site-1140x445-1-1024x400.jpg?wsr",1024,400,true],"1536x1536":["https:\/\/nofloods.com\/wp-content\/uploads\/2025\/08\/Bryggen-UNESCO-Site-1140x445-1.jpg?wsr",1140,445,false],"2048x2048":["https:\/\/nofloods.com\/wp-content\/uploads\/2025\/08\/Bryggen-UNESCO-Site-1140x445-1.jpg?wsr",1140,445,false]},"rttpg_author":{"display_name":"nofloods_admin","author_link":"https:\/\/nofloods.com\/sl\/author\/nofloods_admin\/"},"rttpg_comment":0,"rttpg_category":"<a href=\"https:\/\/nofloods.com\/sl\/category\/primeri-iz-prakse-projekta-nofloods\/\" rel=\"category tag\">Primeri iz prakse projekta NoFloods<\/a>","rttpg_excerpt":"Novembra 2024 je Bryggen, zgodovinska obalna \u010detrt v Bergnu na Norve\u0161kem, zaradi izrednih vremenskih razmer grozila poplava. Mo\u010dni vetrovi, mo\u010dno [&hellip;]","_links":{"self":[{"href":"https:\/\/nofloods.com\/sl\/wp-json\/wp\/v2\/posts\/41440","targetHints":{"allow":["GET"]}}],"collection":[{"href":"https:\/\/nofloods.com\/sl\/wp-json\/wp\/v2\/posts"}],"about":[{"href":"https:\/\/nofloods.com\/sl\/wp-json\/wp\/v2\/types\/post"}],"author":[{"embeddable":true,"href":"https:\/\/nofloods.com\/sl\/wp-json\/wp\/v2\/users\/1"}],"replies":[{"embeddable":true,"href":"https:\/\/nofloods.com\/sl\/wp-json\/wp\/v2\/comments?post=41440"}],"version-history":[{"count":3,"href":"https:\/\/nofloods.com\/sl\/wp-json\/wp\/v2\/posts\/41440\/revisions"}],"predecessor-version":[{"id":41469,"href":"https:\/\/nofloods.com\/sl\/wp-json\/wp\/v2\/posts\/41440\/revisions\/41469"}],"wp:featuredmedia":[{"embeddable":true,"href":"https:\/\/nofloods.com\/sl\/wp-json\/wp\/v2\/media\/41443"}],"wp:attachment":[{"href":"https:\/\/nofloods.com\/sl\/wp-json\/wp\/v2\/media?parent=41440"}],"wp:term":[{"taxonomy":"category","embeddable":true,"href":"https:\/\/nofloods.com\/sl\/wp-json\/wp\/v2\/categories?post=41440"},{"taxonomy":"post_tag","embeddable":true,"href":"https:\/\/nofloods.com\/sl\/wp-json\/wp\/v2\/tags?post=41440"}],"curies":[{"name":"wp","href":"https:\/\/api.w.org\/{rel}","templated":true}]}}